{"id":25610,"date":"2022-09-26T09:59:20","date_gmt":"2022-09-26T07:59:20","guid":{"rendered":"https:\/\/blogs.elcomercio.es\/reflexiones-de-belarmino\/?p=25610"},"modified":"2022-09-26T10:04:40","modified_gmt":"2022-09-26T08:04:40","slug":"pese-a-las-deficiencias-mostradas-el-sporting-esta-ya-entre-los-6-del-ascenso","status":"publish","type":"post","link":"https:\/\/blogs.elcomercio.es\/reflexiones-de-belarmino\/2022\/09\/26\/pese-a-las-deficiencias-mostradas-el-sporting-esta-ya-entre-los-6-del-ascenso\/","title":{"rendered":"\u00a1\u00a1PESE A LAS DEFICIENCIAS MOSTRADAS EL SPORTING EST\u00c1 YA ENTRE LOS 6 DEL ASCENSO. !!!"},"content":{"rendered":"<p><strong>Dos derrotas en casa, falta de efectividad en la delantera, pero el Sporting de Gij\u00f3n, ya se ha situado entre los 6 del grupo que tendr\u00e1 derecho a luchar por el ascenso.<\/strong><\/p>\n<p><b>Est no ha hecho m\u00e1s que empezar pero la sinergia entre el Atlas y el Santos de M\u00e9xico\u00a0con el Sporting de Gij\u00f3n, va a rendir frutos.Primero ser\u00e1 el nuev Mareo,luego\u00a0el ajuste de las nuevas contrataciones, y no olvidar que Orlegi trabaja\u00a0ya a 8 a\u00f1os vista en la subsede de Gij\u00f3n.<\/b><\/p>\n<p><b>En un mes, se enfrentar\u00e1, nada menos que con el GRANADA, ALAV\u00c9S\u00a0Y LEVANTE, que la secci\u00f3n deportiva de El Comercio titula: &#8221; El Sporting se prepara para su particular &#8220;Tourmalet&#8221;.<\/b><\/p>\n<p><strong>Primera prueba de nivel.<\/strong><\/p>\n<p>&nbsp;<\/p>\n<p>&nbsp;<\/p>\n<!-- AddThis Advanced Settings generic via filter on the_content --><!-- AddThis Share Buttons generic via filter on the_content -->","protected":false},"excerpt":{"rendered":"<p>Dos derrotas en casa, falta de efectividad en la delantera, pero el Sporting de Gij\u00f3n, ya se ha situado entre los 6 del grupo que tendr\u00e1 derecho a luchar por el ascenso. Est no ha hecho m\u00e1s que empezar pero la sinergia entre el Atlas y el Santos de M\u00e9xico\u00a0con el Sporting de Gij\u00f3n, va [&hellip;]<!-- AddThis Advanced Settings generic via filter on get_the_excerpt --><!-- AddThis Share Buttons generic via filter on get_the_excerpt --><\/p>\n","protected":false},"author":16,"featured_media":0,"comment_status":"open","ping_status":"closed","sticky":false,"template":"","format":"standard","meta":[],"categories":[1],"tags":[],"_links":{"self":[{"href":"https:\/\/blogs.elcomercio.es\/reflexiones-de-belarmino\/wp-json\/wp\/v2\/posts\/25610"}],"collection":[{"href":"https:\/\/blogs.elcomercio.es\/reflexiones-de-belarmino\/wp-json\/wp\/v2\/posts"}],"about":[{"href":"https:\/\/blogs.elcomercio.es\/reflexiones-de-belarmino\/wp-json\/wp\/v2\/types\/post"}],"author":[{"embeddable":true,"href":"https:\/\/blogs.elcomercio.es\/reflexiones-de-belarmino\/wp-json\/wp\/v2\/users\/16"}],"replies":[{"embeddable":true,"href":"https:\/\/blogs.elcomercio.es\/reflexiones-de-belarmino\/wp-json\/wp\/v2\/comments?post=25610"}],"version-history":[{"count":3,"href":"https:\/\/blogs.elcomercio.es\/reflexiones-de-belarmino\/wp-json\/wp\/v2\/posts\/25610\/revisions"}],"predecessor-version":[{"id":25613,"href":"https:\/\/blogs.elcomercio.es\/reflexiones-de-belarmino\/wp-json\/wp\/v2\/posts\/25610\/revisions\/25613"}],"wp:attachment":[{"href":"https:\/\/blogs.elcomercio.es\/reflexiones-de-belarmino\/wp-json\/wp\/v2\/media?parent=25610"}],"wp:term":[{"taxonomy":"category","embeddable":true,"href":"https:\/\/blogs.elcomercio.es\/reflexiones-de-belarmino\/wp-json\/wp\/v2\/categories?post=25610"},{"taxonomy":"post_tag","embeddable":true,"href":"https:\/\/blogs.elcomercio.es\/reflexiones-de-belarmino\/wp-json\/wp\/v2\/tags?post=25610"}],"curies":[{"name":"wp","href":"https:\/\/api.w.org\/{rel}","templated":true}]}}