{"id":25614,"date":"2022-09-26T11:00:18","date_gmt":"2022-09-26T09:00:18","guid":{"rendered":"https:\/\/blogs.elcomercio.es\/reflexiones-de-belarmino\/?p=25614"},"modified":"2022-09-26T11:00:18","modified_gmt":"2022-09-26T09:00:18","slug":"caen-las-bolsas-los-bonos-el-petroleo-y-se-dispara-el-dolar-ante-el-euro-y-la-libra-semana-clave","status":"publish","type":"post","link":"https:\/\/blogs.elcomercio.es\/reflexiones-de-belarmino\/2022\/09\/26\/caen-las-bolsas-los-bonos-el-petroleo-y-se-dispara-el-dolar-ante-el-euro-y-la-libra-semana-clave\/","title":{"rendered":"\u00a1\u00a1\u00a1\u00a1CAEN LAS BOLSAS, LOS BONOS, EL PETR\u00d3LEO Y SE DISPARA EL D\u00d3LAR ANTE EL EURO Y LA LIBRA. SEMANA CLAVE !!!"},"content":{"rendered":"<p><b>Semana de alta importancia.Ante las tensiones en Ucrania, los referendos y el viernes estimado por Rusia para considerarlos\u00a0sus territorios, hay que aumentar los problemas de la econom\u00eda global. Al d\u00eda de hoy, las bolsas de todo el mundo caen( el Ibex est\u00e1 a 7,540 buscando los 7,000 como base).Caen los bonos brit\u00e1nicos y los italianos.La prima de riesgo de Italia duplica ya a la espa\u00f1ola con 230 puntos.<\/b><\/p>\n<p><b>El d\u00f3lar\u00a0se come a todas las monedas. El euro est\u00e1 a 0.96 y la libra apenas est\u00e1 por encima de un\u00a0<\/b><b>d\u00f3lar.<\/b><\/p>\n<p><strong>En el Reino Unido el endeudamiento que va a pedir Liz Truss estimado en 70,000 millones de dolares, muestra los graves problemas, que asoman cuando muere la Reina Isabel.<\/strong><\/p>\n<p><strong>El Brent ha bajado hoy a 64 dolares barril.<\/strong><\/p>\n<p><b>Hoy, a las tres de la tarde\u00a0 Christiane Lagarde comparece ante el Parlamento Europeo para explicar\u00a0la politica europea ante la crisis, mientras que esta semana se conocer\u00e1\u00a0la inflaci\u00f3n de Espa\u00f1a, Alemania y de la Zona Euro, y la OCDE dar\u00e1\u00a0su informe mensual.<\/b><\/p>\n<p><b>En s\u00edntesis, una semana con grandes informaciones y decisiones.<\/b><\/p>\n<!-- AddThis Advanced Settings generic via filter on the_content --><!-- AddThis Share Buttons generic via filter on the_content -->","protected":false},"excerpt":{"rendered":"<p>Semana de alta importancia.Ante las tensiones en Ucrania, los referendos y el viernes estimado por Rusia para considerarlos\u00a0sus territorios, hay que aumentar los problemas de la econom\u00eda global. Al d\u00eda de hoy, las bolsas de todo el mundo caen( el Ibex est\u00e1 a 7,540 buscando los 7,000 como base).Caen los bonos brit\u00e1nicos y los italianos.La [&hellip;]<!-- AddThis Advanced Settings generic via filter on get_the_excerpt --><!-- AddThis Share Buttons generic via filter on get_the_excerpt --><\/p>\n","protected":false},"author":16,"featured_media":0,"comment_status":"open","ping_status":"closed","sticky":false,"template":"","format":"standard","meta":[],"categories":[1],"tags":[],"_links":{"self":[{"href":"https:\/\/blogs.elcomercio.es\/reflexiones-de-belarmino\/wp-json\/wp\/v2\/posts\/25614"}],"collection":[{"href":"https:\/\/blogs.elcomercio.es\/reflexiones-de-belarmino\/wp-json\/wp\/v2\/posts"}],"about":[{"href":"https:\/\/blogs.elcomercio.es\/reflexiones-de-belarmino\/wp-json\/wp\/v2\/types\/post"}],"author":[{"embeddable":true,"href":"https:\/\/blogs.elcomercio.es\/reflexiones-de-belarmino\/wp-json\/wp\/v2\/users\/16"}],"replies":[{"embeddable":true,"href":"https:\/\/blogs.elcomercio.es\/reflexiones-de-belarmino\/wp-json\/wp\/v2\/comments?post=25614"}],"version-history":[{"count":1,"href":"https:\/\/blogs.elcomercio.es\/reflexiones-de-belarmino\/wp-json\/wp\/v2\/posts\/25614\/revisions"}],"predecessor-version":[{"id":25615,"href":"https:\/\/blogs.elcomercio.es\/reflexiones-de-belarmino\/wp-json\/wp\/v2\/posts\/25614\/revisions\/25615"}],"wp:attachment":[{"href":"https:\/\/blogs.elcomercio.es\/reflexiones-de-belarmino\/wp-json\/wp\/v2\/media?parent=25614"}],"wp:term":[{"taxonomy":"category","embeddable":true,"href":"https:\/\/blogs.elcomercio.es\/reflexiones-de-belarmino\/wp-json\/wp\/v2\/categories?post=25614"},{"taxonomy":"post_tag","embeddable":true,"href":"https:\/\/blogs.elcomercio.es\/reflexiones-de-belarmino\/wp-json\/wp\/v2\/tags?post=25614"}],"curies":[{"name":"wp","href":"https:\/\/api.w.org\/{rel}","templated":true}]}}