{"id":25616,"date":"2022-09-26T14:58:27","date_gmt":"2022-09-26T12:58:27","guid":{"rendered":"https:\/\/blogs.elcomercio.es\/reflexiones-de-belarmino\/?p=25616"},"modified":"2022-09-26T14:58:27","modified_gmt":"2022-09-26T12:58:27","slug":"psicosis-por-el-papel-higienico-en-alemania","status":"publish","type":"post","link":"https:\/\/blogs.elcomercio.es\/reflexiones-de-belarmino\/2022\/09\/26\/psicosis-por-el-papel-higienico-en-alemania\/","title":{"rendered":"\u00a1\u00a1\u00a1\u00a1\u00a1 &#8221; PSICOSIS POR EL PAPEL HIGI\u00c9NICO&#8221;&#8230;&#8230;&#8230;EN ALEMANIA !!!!!"},"content":{"rendered":"<p><b>Lo ley\u00f3 usted bien. Alemania, el motor de Europa, la cuarta econom\u00eda mundial del mundo tiene hoy una gran preocupaci\u00f3n&#8230;..el papel higi\u00e9nico. Hay psicosis&#8230;<\/b><\/p>\n<!-- AddThis Advanced Settings generic via filter on the_content --><!-- AddThis Share Buttons generic via filter on the_content -->","protected":false},"excerpt":{"rendered":"<p>Lo ley\u00f3 usted bien. Alemania, el motor de Europa, la cuarta econom\u00eda mundial del mundo tiene hoy una gran preocupaci\u00f3n&#8230;..el papel higi\u00e9nico. Hay psicosis&#8230;<!-- AddThis Advanced Settings generic via filter on get_the_excerpt --><!-- AddThis Share Buttons generic via filter on get_the_excerpt --><\/p>\n","protected":false},"author":16,"featured_media":0,"comment_status":"open","ping_status":"closed","sticky":false,"template":"","format":"standard","meta":[],"categories":[1],"tags":[],"_links":{"self":[{"href":"https:\/\/blogs.elcomercio.es\/reflexiones-de-belarmino\/wp-json\/wp\/v2\/posts\/25616"}],"collection":[{"href":"https:\/\/blogs.elcomercio.es\/reflexiones-de-belarmino\/wp-json\/wp\/v2\/posts"}],"about":[{"href":"https:\/\/blogs.elcomercio.es\/reflexiones-de-belarmino\/wp-json\/wp\/v2\/types\/post"}],"author":[{"embeddable":true,"href":"https:\/\/blogs.elcomercio.es\/reflexiones-de-belarmino\/wp-json\/wp\/v2\/users\/16"}],"replies":[{"embeddable":true,"href":"https:\/\/blogs.elcomercio.es\/reflexiones-de-belarmino\/wp-json\/wp\/v2\/comments?post=25616"}],"version-history":[{"count":1,"href":"https:\/\/blogs.elcomercio.es\/reflexiones-de-belarmino\/wp-json\/wp\/v2\/posts\/25616\/revisions"}],"predecessor-version":[{"id":25617,"href":"https:\/\/blogs.elcomercio.es\/reflexiones-de-belarmino\/wp-json\/wp\/v2\/posts\/25616\/revisions\/25617"}],"wp:attachment":[{"href":"https:\/\/blogs.elcomercio.es\/reflexiones-de-belarmino\/wp-json\/wp\/v2\/media?parent=25616"}],"wp:term":[{"taxonomy":"category","embeddable":true,"href":"https:\/\/blogs.elcomercio.es\/reflexiones-de-belarmino\/wp-json\/wp\/v2\/categories?post=25616"},{"taxonomy":"post_tag","embeddable":true,"href":"https:\/\/blogs.elcomercio.es\/reflexiones-de-belarmino\/wp-json\/wp\/v2\/tags?post=25616"}],"curies":[{"name":"wp","href":"https:\/\/api.w.org\/{rel}","templated":true}]}}