{"id":25618,"date":"2022-09-26T15:17:36","date_gmt":"2022-09-26T13:17:36","guid":{"rendered":"https:\/\/blogs.elcomercio.es\/reflexiones-de-belarmino\/?p=25618"},"modified":"2022-09-26T15:17:36","modified_gmt":"2022-09-26T13:17:36","slug":"las-bolsas-mas-preocupadas-por-el-reino-unido-que-por-meloni-intervencion-banco-central","status":"publish","type":"post","link":"https:\/\/blogs.elcomercio.es\/reflexiones-de-belarmino\/2022\/09\/26\/las-bolsas-mas-preocupadas-por-el-reino-unido-que-por-meloni-intervencion-banco-central\/","title":{"rendered":"\u00a1\u00a1\u00a1\u00a1\u00a1 LAS BOLSAS M\u00c1S PREOCUPADAS POR EL REINO UNIDO QUE POR MELONI . INTERVENCI\u00d3N BANCO CENTRAL !!!"},"content":{"rendered":"<p><b>El dinero, es el dinero, las ideolog\u00edas\u00a0les afectan poco, podr\u00eda ser la\u00a0 lectura de las bolsas europeas de hoy lunes 26 de septiembre\u00a0del 2022.Las bolsas est\u00e1n\u00a0m\u00e1s preocupadas de Reino Unido que de Melonia.<\/b><\/p>\n<p><b>Tras la muerte de la reina Isabel, al frente del Reino Unido durante 70 a\u00f1os, hoy la libra, la todopoderosa libra inglesa, signo del imperio, ha ca\u00eddo\u00a0a niveles de hace 50 a\u00f1os y se encuentra a 1.008 por d\u00f3lar.<\/b><\/p>\n<p><b>A las medidas tomadas por la nueva primer ministra brit\u00e1nica Liz Truss de endeudarse por 70,000 millones de euros, hoy el Banco de Inglaterra y su Reserva, han dicho que van a intervenir el mercado durante tres d\u00edas, para tomar medidas radicales. Ante la posibilidad de un dur\u00edsima\u00a0inflaci\u00f3n incontrolable, el Banco Central, va a subir fuertemente el precio del dinero, con lo que todo ello significa..<\/b><\/p>\n<p><b>Es el principio del declive que anunciamos, tras el funeral, y que tocar\u00e1 no s\u00f3lo la econom\u00eda brit\u00e1nica, sino que producir\u00e1 tensiones sociales y adem\u00e1s ir\u00e1, en ese proceso, desintegrando a lo que queda de la orgullosa Commonwealth\u00a0.<\/b><\/p>\n<p><strong>Se cierra el ciclo de Isabel I en su pugna con Felipe II.<\/strong><\/p>\n<p>&nbsp;<\/p>\n<!-- AddThis Advanced Settings generic via filter on the_content --><!-- AddThis Share Buttons generic via filter on the_content -->","protected":false},"excerpt":{"rendered":"<p>El dinero, es el dinero, las ideolog\u00edas\u00a0les afectan poco, podr\u00eda ser la\u00a0 lectura de las bolsas europeas de hoy lunes 26 de septiembre\u00a0del 2022.Las bolsas est\u00e1n\u00a0m\u00e1s preocupadas de Reino Unido que de Melonia. Tras la muerte de la reina Isabel, al frente del Reino Unido durante 70 a\u00f1os, hoy la libra, la todopoderosa libra inglesa, [&hellip;]<!-- AddThis Advanced Settings generic via filter on get_the_excerpt --><!-- AddThis Share Buttons generic via filter on get_the_excerpt --><\/p>\n","protected":false},"author":16,"featured_media":0,"comment_status":"open","ping_status":"closed","sticky":false,"template":"","format":"standard","meta":[],"categories":[1],"tags":[],"_links":{"self":[{"href":"https:\/\/blogs.elcomercio.es\/reflexiones-de-belarmino\/wp-json\/wp\/v2\/posts\/25618"}],"collection":[{"href":"https:\/\/blogs.elcomercio.es\/reflexiones-de-belarmino\/wp-json\/wp\/v2\/posts"}],"about":[{"href":"https:\/\/blogs.elcomercio.es\/reflexiones-de-belarmino\/wp-json\/wp\/v2\/types\/post"}],"author":[{"embeddable":true,"href":"https:\/\/blogs.elcomercio.es\/reflexiones-de-belarmino\/wp-json\/wp\/v2\/users\/16"}],"replies":[{"embeddable":true,"href":"https:\/\/blogs.elcomercio.es\/reflexiones-de-belarmino\/wp-json\/wp\/v2\/comments?post=25618"}],"version-history":[{"count":2,"href":"https:\/\/blogs.elcomercio.es\/reflexiones-de-belarmino\/wp-json\/wp\/v2\/posts\/25618\/revisions"}],"predecessor-version":[{"id":25620,"href":"https:\/\/blogs.elcomercio.es\/reflexiones-de-belarmino\/wp-json\/wp\/v2\/posts\/25618\/revisions\/25620"}],"wp:attachment":[{"href":"https:\/\/blogs.elcomercio.es\/reflexiones-de-belarmino\/wp-json\/wp\/v2\/media?parent=25618"}],"wp:term":[{"taxonomy":"category","embeddable":true,"href":"https:\/\/blogs.elcomercio.es\/reflexiones-de-belarmino\/wp-json\/wp\/v2\/categories?post=25618"},{"taxonomy":"post_tag","embeddable":true,"href":"https:\/\/blogs.elcomercio.es\/reflexiones-de-belarmino\/wp-json\/wp\/v2\/tags?post=25618"}],"curies":[{"name":"wp","href":"https:\/\/api.w.org\/{rel}","templated":true}]}}