{"id":25625,"date":"2022-09-26T20:45:42","date_gmt":"2022-09-26T18:45:42","guid":{"rendered":"https:\/\/blogs.elcomercio.es\/reflexiones-de-belarmino\/?p=25625"},"modified":"2022-09-26T20:45:42","modified_gmt":"2022-09-26T18:45:42","slug":"extradita-a-ee-uu-al-big-man-el-cerebro-financiero-del-cartel-del-golfo-impulsado-por-calderon","status":"publish","type":"post","link":"https:\/\/blogs.elcomercio.es\/reflexiones-de-belarmino\/2022\/09\/26\/extradita-a-ee-uu-al-big-man-el-cerebro-financiero-del-cartel-del-golfo-impulsado-por-calderon\/","title":{"rendered":"\u00a1\u00a1\u00a1EXTRADITA A EE.UU. AL &#8220;BIG MAN&#8221; EL CEREBRO FINANCIERO DEL  C\u00c1RTEL DEL GOLFO IMPULSADO POR CALDER\u00d3N !!!"},"content":{"rendered":"<p><b>Ayer el subsecretario de Seguridad P\u00fablica Ricardo Mej\u00eda Berdeja, que es quien cada lunes desde hace 4 a\u00f1os en La Ma\u00f1anera, presenta los avances en el programa Cero Impunidad con las fotos y an\u00e1lisis\u00a0de todos los detenidos en 8 d\u00edas(sobre\u00a0unos 7,000),\u00a0 dijo que esta lucha est\u00e1 golpeando a todos los carteles que hab\u00edan impulsado\u00a0Salinas, Zedillo, Fox, Calder\u00f3n\u00a0y Pe\u00f1a\u00a0Nieto ya en sus recursos econ\u00f3micos, en armamento y tr\u00e1fico de drogas.<\/b><\/p>\n<p><b>Hoy se extradit\u00f3 a los EE:UU a Nazario Ca\u00f1izares alias el &#8220;Big Papa&#8221;, uno de los mas buscados por la DEA, por haber sido el cerebro financiero del C\u00e1rtel\u00a0del Golfo, entre\u00a01995 y 2010, el Cartel que apoyaba Felipe Calder\u00f3n.<\/b><\/p>\n<p><strong>Hoy, por supuesto L\u00f3pez Obrador no tiene ning\u00fan C\u00e1rtel y lo que se ha hecho es enfrentarlos como se ha se\u00f1alado. Existen ,por supuesto, diezmados , enfrentados entre ellos sobre todo, el de Pe\u00f1a Nieto el Cartel Jalisco Nuevas Generaciones,el del Golfo y el del Chapo Guzm\u00e1n, ahora en manos de sus hijos..<\/strong><\/p>\n<!-- AddThis Advanced Settings generic via filter on the_content --><!-- AddThis Share Buttons generic via filter on the_content -->","protected":false},"excerpt":{"rendered":"<p>Ayer el subsecretario de Seguridad P\u00fablica Ricardo Mej\u00eda Berdeja, que es quien cada lunes desde hace 4 a\u00f1os en La Ma\u00f1anera, presenta los avances en el programa Cero Impunidad con las fotos y an\u00e1lisis\u00a0de todos los detenidos en 8 d\u00edas(sobre\u00a0unos 7,000),\u00a0 dijo que esta lucha est\u00e1 golpeando a todos los carteles que hab\u00edan impulsado\u00a0Salinas, Zedillo, [&hellip;]<!-- AddThis Advanced Settings generic via filter on get_the_excerpt --><!-- AddThis Share Buttons generic via filter on get_the_excerpt --><\/p>\n","protected":false},"author":16,"featured_media":0,"comment_status":"open","ping_status":"closed","sticky":false,"template":"","format":"standard","meta":[],"categories":[1],"tags":[],"_links":{"self":[{"href":"https:\/\/blogs.elcomercio.es\/reflexiones-de-belarmino\/wp-json\/wp\/v2\/posts\/25625"}],"collection":[{"href":"https:\/\/blogs.elcomercio.es\/reflexiones-de-belarmino\/wp-json\/wp\/v2\/posts"}],"about":[{"href":"https:\/\/blogs.elcomercio.es\/reflexiones-de-belarmino\/wp-json\/wp\/v2\/types\/post"}],"author":[{"embeddable":true,"href":"https:\/\/blogs.elcomercio.es\/reflexiones-de-belarmino\/wp-json\/wp\/v2\/users\/16"}],"replies":[{"embeddable":true,"href":"https:\/\/blogs.elcomercio.es\/reflexiones-de-belarmino\/wp-json\/wp\/v2\/comments?post=25625"}],"version-history":[{"count":1,"href":"https:\/\/blogs.elcomercio.es\/reflexiones-de-belarmino\/wp-json\/wp\/v2\/posts\/25625\/revisions"}],"predecessor-version":[{"id":25626,"href":"https:\/\/blogs.elcomercio.es\/reflexiones-de-belarmino\/wp-json\/wp\/v2\/posts\/25625\/revisions\/25626"}],"wp:attachment":[{"href":"https:\/\/blogs.elcomercio.es\/reflexiones-de-belarmino\/wp-json\/wp\/v2\/media?parent=25625"}],"wp:term":[{"taxonomy":"category","embeddable":true,"href":"https:\/\/blogs.elcomercio.es\/reflexiones-de-belarmino\/wp-json\/wp\/v2\/categories?post=25625"},{"taxonomy":"post_tag","embeddable":true,"href":"https:\/\/blogs.elcomercio.es\/reflexiones-de-belarmino\/wp-json\/wp\/v2\/tags?post=25625"}],"curies":[{"name":"wp","href":"https:\/\/api.w.org\/{rel}","templated":true}]}}