{"id":25627,"date":"2022-09-27T10:25:21","date_gmt":"2022-09-27T08:25:21","guid":{"rendered":"https:\/\/blogs.elcomercio.es\/reflexiones-de-belarmino\/?p=25627"},"modified":"2022-09-27T10:25:21","modified_gmt":"2022-09-27T08:25:21","slug":"en-60-dias-estados-unidos-realiza-su-gran-negocio-putin-logra-sus-objetivos-y-europa-se-debilita","status":"publish","type":"post","link":"https:\/\/blogs.elcomercio.es\/reflexiones-de-belarmino\/2022\/09\/27\/en-60-dias-estados-unidos-realiza-su-gran-negocio-putin-logra-sus-objetivos-y-europa-se-debilita\/","title":{"rendered":"\u00a1\u00a1\u00a1\u00a1EN 60 DIAS, ESTADOS UNIDOS REALIZA SU GRAN NEGOCIO, PUTIN LOGRA SUS OBJETIVOS Y EUROPA SE DEBILITA !!!"},"content":{"rendered":"<p><b>Hoy terminan los referendos\u00a0rusos con las mesas instaladas y el viernes proclaman\u00a0que la regi\u00f3n\u00a0del Donbass, Donetsk\u00a0y Lugansk en el este y Jerson y Zaporiyia en el sur forman parte de Rusia. En 60 d\u00edas, entendemos\u00a0que Putin logr\u00f3 sus objetivos\u00a0centrales, y recupera 1\/5 parte del territorio de Ucrania que considera suyo.No toca ni al Oeste, ni a Kiev, ni a Jarkov ni a Odessa.<\/b><\/p>\n<p><b>Estados Unidos ha hecho un negocio estimado en casi 1 bill\u00f3n\u00a0de d\u00f3lares, entre las armas que les vendi\u00f3 a Europa y el dinero que est\u00e1 ya all\u00ed para reconstruir Ucrania, y el gas que ha vendido a un mercado para \u00e9l inalcanzable.Ha logrado, adem\u00e1s\u00a0destruir la imagen en la opini\u00f3n p\u00f9blica de Putin, que\u00a0le ayuda en su lucha contra Trump.<\/b><\/p>\n<p><b>La gran perdedora Europa. Pierde 15 % de su PIB, el segundo mundial tras EE:UU y por encima de China(hablamos de la Uni\u00f3n Europea), se debilitan Alemania, Francia, Italia y Reino Unido, sobre todo, da entrada\u00a0a la ultraderecha en Italia y Suecia, y\u00a0 entrar\u00e1 en recesi\u00f3n en el 2023.<\/b><\/p>\n<p>&nbsp;<\/p>\n<p>&nbsp;<\/p>\n<!-- AddThis Advanced Settings generic via filter on the_content --><!-- AddThis Share Buttons generic via filter on the_content -->","protected":false},"excerpt":{"rendered":"<p>Hoy terminan los referendos\u00a0rusos con las mesas instaladas y el viernes proclaman\u00a0que la regi\u00f3n\u00a0del Donbass, Donetsk\u00a0y Lugansk en el este y Jerson y Zaporiyia en el sur forman parte de Rusia. En 60 d\u00edas, entendemos\u00a0que Putin logr\u00f3 sus objetivos\u00a0centrales, y recupera 1\/5 parte del territorio de Ucrania que considera suyo.No toca ni al Oeste, ni [&hellip;]<!-- AddThis Advanced Settings generic via filter on get_the_excerpt --><!-- AddThis Share Buttons generic via filter on get_the_excerpt --><\/p>\n","protected":false},"author":16,"featured_media":0,"comment_status":"open","ping_status":"closed","sticky":false,"template":"","format":"standard","meta":[],"categories":[1],"tags":[],"_links":{"self":[{"href":"https:\/\/blogs.elcomercio.es\/reflexiones-de-belarmino\/wp-json\/wp\/v2\/posts\/25627"}],"collection":[{"href":"https:\/\/blogs.elcomercio.es\/reflexiones-de-belarmino\/wp-json\/wp\/v2\/posts"}],"about":[{"href":"https:\/\/blogs.elcomercio.es\/reflexiones-de-belarmino\/wp-json\/wp\/v2\/types\/post"}],"author":[{"embeddable":true,"href":"https:\/\/blogs.elcomercio.es\/reflexiones-de-belarmino\/wp-json\/wp\/v2\/users\/16"}],"replies":[{"embeddable":true,"href":"https:\/\/blogs.elcomercio.es\/reflexiones-de-belarmino\/wp-json\/wp\/v2\/comments?post=25627"}],"version-history":[{"count":2,"href":"https:\/\/blogs.elcomercio.es\/reflexiones-de-belarmino\/wp-json\/wp\/v2\/posts\/25627\/revisions"}],"predecessor-version":[{"id":25629,"href":"https:\/\/blogs.elcomercio.es\/reflexiones-de-belarmino\/wp-json\/wp\/v2\/posts\/25627\/revisions\/25629"}],"wp:attachment":[{"href":"https:\/\/blogs.elcomercio.es\/reflexiones-de-belarmino\/wp-json\/wp\/v2\/media?parent=25627"}],"wp:term":[{"taxonomy":"category","embeddable":true,"href":"https:\/\/blogs.elcomercio.es\/reflexiones-de-belarmino\/wp-json\/wp\/v2\/categories?post=25627"},{"taxonomy":"post_tag","embeddable":true,"href":"https:\/\/blogs.elcomercio.es\/reflexiones-de-belarmino\/wp-json\/wp\/v2\/tags?post=25627"}],"curies":[{"name":"wp","href":"https:\/\/api.w.org\/{rel}","templated":true}]}}