{"id":25630,"date":"2022-09-27T11:59:48","date_gmt":"2022-09-27T09:59:48","guid":{"rendered":"https:\/\/blogs.elcomercio.es\/reflexiones-de-belarmino\/?p=25630"},"modified":"2022-09-27T11:59:48","modified_gmt":"2022-09-27T09:59:48","slug":"don-giorgio-almirante-sembro-muy-bien-la-semilla-del-neofascismo-en-giorgia-meloni-potente-dirigente","status":"publish","type":"post","link":"https:\/\/blogs.elcomercio.es\/reflexiones-de-belarmino\/2022\/09\/27\/don-giorgio-almirante-sembro-muy-bien-la-semilla-del-neofascismo-en-giorgia-meloni-potente-dirigente\/","title":{"rendered":"\u00a1\u00a1\u00a1DON GIORGIO ALMIRANTE SEMBR\u00d3  MUY BIEN LA SEMILLA DEL NEOFASCISMO EN GIORGIA MELONI, POTENTE DIRIGENTE !!!"},"content":{"rendered":"<p><b>Giorgio Almirante\u00a0fundador del partido neofascista\u00a0Movimiento Social Italiano en 1948, se present\u00f3 un d\u00eda en el funeral de Enrique Berlinguer el lider del\u00a0Partido Comunista Italiano y ante el asombro de los centenares de miles de asistentes, la frase corri\u00f3 como reguero de p\u00f3lvora: &#8220;Vino Almirante, vino Almirante&#8221;.Era un &#8220;hombre bueno&#8221;, respondi\u00f3 aquel hombre.<\/b><\/p>\n<p><b>Carism\u00e1tico, se reuni\u00f3 tras el asesinato de Aldo Moro, varias veces con Berlinguer para buscar una\u00a0soluci\u00f3n para italia aunque estaban en las ant\u00edpodas\u00a0en su ideolog\u00eda..<\/b><\/p>\n<p><b>Ten\u00eda 16 a\u00f1os cuando aquella muchacha, que hab\u00eda nacido en el barrio obrero de Almirante, de 1.63\u00a0 de estatura, ojos claros y mirada profunda, ya ten\u00eda como su referente pol\u00edtico en su despacho a Don Giorgio.<\/b><\/p>\n<p><b>Contundente en sus ideas y pensamientos, los dos, seguidores del fascismo de Mussolini, fueron la clave para que la semilla que \u00e9l sembr\u00f3, floreciese en todo su esplendor en Roma, la ciudad eterna, como la primera mujer que ganar\u00eda las elecciones al frente de su partido (Hermanos\u00a0de Italia ), quiz\u00e1s la pr\u00f3xima primera ministra del gran pais que es Italia.<\/b><\/p>\n<p><b>Verbo f\u00e1cil, fuerte oradora hab\u00eda\u00a0dejado en el camino al gran Matteo Salvini y al gran Berlusconi, nada m\u00e1s.<\/b><\/p>\n<p><b>Nuestros respetamos a esa joven mujer. Podemos estar en las ant\u00edpodas\u00a0del\u00a0pensamiento\u00a0pol\u00edtico, pero la congruencia de Almirante en aquel momento y de ella con sus\u00a0ideas, son resp\u00e8tables..<\/b><\/p>\n<p><strong>Por supuesto va a abrir una nueva etapa no s\u00f3lo en Italia, sino en toda Europa.<\/strong><\/p>\n<p><b>Por supuesto quien\u00a0en este momento tras el almuerzo en Nueva York, brinda por ella y su triunfo, es Donald Trump.<\/b><\/p>\n<p>&nbsp;<\/p>\n<p><strong>\u00a0<\/strong><\/p>\n<p>&nbsp;<\/p>\n<!-- AddThis Advanced Settings generic via filter on the_content --><!-- AddThis Share Buttons generic via filter on the_content -->","protected":false},"excerpt":{"rendered":"<p>Giorgio Almirante\u00a0fundador del partido neofascista\u00a0Movimiento Social Italiano en 1948, se present\u00f3 un d\u00eda en el funeral de Enrique Berlinguer el lider del\u00a0Partido Comunista Italiano y ante el asombro de los centenares de miles de asistentes, la frase corri\u00f3 como reguero de p\u00f3lvora: &#8220;Vino Almirante, vino Almirante&#8221;.Era un &#8220;hombre bueno&#8221;, respondi\u00f3 aquel hombre. Carism\u00e1tico, se reuni\u00f3 [&hellip;]<!-- AddThis Advanced Settings generic via filter on get_the_excerpt --><!-- AddThis Share Buttons generic via filter on get_the_excerpt --><\/p>\n","protected":false},"author":16,"featured_media":0,"comment_status":"open","ping_status":"closed","sticky":false,"template":"","format":"standard","meta":[],"categories":[1],"tags":[],"_links":{"self":[{"href":"https:\/\/blogs.elcomercio.es\/reflexiones-de-belarmino\/wp-json\/wp\/v2\/posts\/25630"}],"collection":[{"href":"https:\/\/blogs.elcomercio.es\/reflexiones-de-belarmino\/wp-json\/wp\/v2\/posts"}],"about":[{"href":"https:\/\/blogs.elcomercio.es\/reflexiones-de-belarmino\/wp-json\/wp\/v2\/types\/post"}],"author":[{"embeddable":true,"href":"https:\/\/blogs.elcomercio.es\/reflexiones-de-belarmino\/wp-json\/wp\/v2\/users\/16"}],"replies":[{"embeddable":true,"href":"https:\/\/blogs.elcomercio.es\/reflexiones-de-belarmino\/wp-json\/wp\/v2\/comments?post=25630"}],"version-history":[{"count":2,"href":"https:\/\/blogs.elcomercio.es\/reflexiones-de-belarmino\/wp-json\/wp\/v2\/posts\/25630\/revisions"}],"predecessor-version":[{"id":25632,"href":"https:\/\/blogs.elcomercio.es\/reflexiones-de-belarmino\/wp-json\/wp\/v2\/posts\/25630\/revisions\/25632"}],"wp:attachment":[{"href":"https:\/\/blogs.elcomercio.es\/reflexiones-de-belarmino\/wp-json\/wp\/v2\/media?parent=25630"}],"wp:term":[{"taxonomy":"category","embeddable":true,"href":"https:\/\/blogs.elcomercio.es\/reflexiones-de-belarmino\/wp-json\/wp\/v2\/categories?post=25630"},{"taxonomy":"post_tag","embeddable":true,"href":"https:\/\/blogs.elcomercio.es\/reflexiones-de-belarmino\/wp-json\/wp\/v2\/tags?post=25630"}],"curies":[{"name":"wp","href":"https:\/\/api.w.org\/{rel}","templated":true}]}}