{"id":25633,"date":"2022-09-27T14:49:48","date_gmt":"2022-09-27T12:49:48","guid":{"rendered":"https:\/\/blogs.elcomercio.es\/reflexiones-de-belarmino\/?p=25633"},"modified":"2022-09-27T14:49:48","modified_gmt":"2022-09-27T12:49:48","slug":"crisis-en-el-baltico-ruptura-en-los-nord-stream-i-y-ii-llena-de-borbotones-de-gas-sus-aguas","status":"publish","type":"post","link":"https:\/\/blogs.elcomercio.es\/reflexiones-de-belarmino\/2022\/09\/27\/crisis-en-el-baltico-ruptura-en-los-nord-stream-i-y-ii-llena-de-borbotones-de-gas-sus-aguas\/","title":{"rendered":"\u00a1\u00a1\u00a1\u00a1\u00a1\u00a1CRISIS EN EL B\u00c1LTICO. RUPTURA EN LOS  NORD STREAM I Y II, LLENA DE BORBOTONES DE GAS SUS AGUAS!!!"},"content":{"rendered":"<p><b>Hay emergencia nacional en Suecia, Noruega, Finlandia, Dinamarca y Alemania, al\u00a0 romperse el Nord Stream I funcionando y el Nord Stream II, sin terminar, que lleva el gas de Rusia hasta Europa v\u00eda mar B\u00e1ltico\u00a0y que sale en borbotones de 100 metros de di\u00e1metro, sin control.<\/b><\/p>\n<p><strong>No s\u00f3lo no llega el gas ruso, sino que las grandes tuber\u00edas est\u00e1n llen\u00e1ndose de agua de mar complicando cualquier arreglo.<\/strong><\/p>\n<p><b>Se habla de sabotaje, sin confirmaciones ,pero toda la zona est\u00e1 da\u00f1ando\u00a0el medio ambiente en forma extrema.Ser\u00eda la m\u00e1s grave derrama de gas hasta ahora detectada en el mundo.<\/b><\/p>\n<p>&nbsp;<\/p>\n<!-- AddThis Advanced Settings generic via filter on the_content --><!-- AddThis Share Buttons generic via filter on the_content -->","protected":false},"excerpt":{"rendered":"<p>Hay emergencia nacional en Suecia, Noruega, Finlandia, Dinamarca y Alemania, al\u00a0 romperse el Nord Stream I funcionando y el Nord Stream II, sin terminar, que lleva el gas de Rusia hasta Europa v\u00eda mar B\u00e1ltico\u00a0y que sale en borbotones de 100 metros de di\u00e1metro, sin control. No s\u00f3lo no llega el gas ruso, sino que [&hellip;]<!-- AddThis Advanced Settings generic via filter on get_the_excerpt --><!-- AddThis Share Buttons generic via filter on get_the_excerpt --><\/p>\n","protected":false},"author":16,"featured_media":0,"comment_status":"open","ping_status":"closed","sticky":false,"template":"","format":"standard","meta":[],"categories":[1],"tags":[],"_links":{"self":[{"href":"https:\/\/blogs.elcomercio.es\/reflexiones-de-belarmino\/wp-json\/wp\/v2\/posts\/25633"}],"collection":[{"href":"https:\/\/blogs.elcomercio.es\/reflexiones-de-belarmino\/wp-json\/wp\/v2\/posts"}],"about":[{"href":"https:\/\/blogs.elcomercio.es\/reflexiones-de-belarmino\/wp-json\/wp\/v2\/types\/post"}],"author":[{"embeddable":true,"href":"https:\/\/blogs.elcomercio.es\/reflexiones-de-belarmino\/wp-json\/wp\/v2\/users\/16"}],"replies":[{"embeddable":true,"href":"https:\/\/blogs.elcomercio.es\/reflexiones-de-belarmino\/wp-json\/wp\/v2\/comments?post=25633"}],"version-history":[{"count":1,"href":"https:\/\/blogs.elcomercio.es\/reflexiones-de-belarmino\/wp-json\/wp\/v2\/posts\/25633\/revisions"}],"predecessor-version":[{"id":25634,"href":"https:\/\/blogs.elcomercio.es\/reflexiones-de-belarmino\/wp-json\/wp\/v2\/posts\/25633\/revisions\/25634"}],"wp:attachment":[{"href":"https:\/\/blogs.elcomercio.es\/reflexiones-de-belarmino\/wp-json\/wp\/v2\/media?parent=25633"}],"wp:term":[{"taxonomy":"category","embeddable":true,"href":"https:\/\/blogs.elcomercio.es\/reflexiones-de-belarmino\/wp-json\/wp\/v2\/categories?post=25633"},{"taxonomy":"post_tag","embeddable":true,"href":"https:\/\/blogs.elcomercio.es\/reflexiones-de-belarmino\/wp-json\/wp\/v2\/tags?post=25633"}],"curies":[{"name":"wp","href":"https:\/\/api.w.org\/{rel}","templated":true}]}}