{"id":25642,"date":"2022-09-28T09:15:27","date_gmt":"2022-09-28T07:15:27","guid":{"rendered":"https:\/\/blogs.elcomercio.es\/reflexiones-de-belarmino\/?p=25642"},"modified":"2022-09-28T09:15:27","modified_gmt":"2022-09-28T07:15:27","slug":"terminan-los-refrendos-en-donestk-lugansk-jerson-y-zaporiyia-el-martes-4-los-leegisladores-piensan-aprobar-su-anexion-a-rusia","status":"publish","type":"post","link":"https:\/\/blogs.elcomercio.es\/reflexiones-de-belarmino\/2022\/09\/28\/terminan-los-refrendos-en-donestk-lugansk-jerson-y-zaporiyia-el-martes-4-los-leegisladores-piensan-aprobar-su-anexion-a-rusia\/","title":{"rendered":"\u00a1\u00a1\u00a1\u00a1TERMINAN LOS REFRENDOS EN DONESTK, LUGANSK, JERSON Y ZAPORIYIA.-EL MARTES 4 LOS LEEGISLADORES PIENSAN APROBAR SU ANEXI\u00d3N A RUSIA !!!"},"content":{"rendered":"<p><b>Finalmente\u00a0terminaron ayer los\u00a0referendos que Rusia\u00a0hizo en las cuatro\u00a0zonas rusoparlantes hist\u00f3ricas, DONETSK, LUGANSK, JERSON Y ZAPORIYIA , sin mayores incidentes como ha mostrado la propia prensa occidental. Los legisladores rusos anuncian que el MARTE 4 DE OCTUBRE se votar\u00e1 su incorporaci\u00f3n\u00a0a Rusia.<\/b><\/p>\n<p><b>Occidente no lo acepta, pero, si tomadas y con el apoyo de los ciudadanos, el Parlamento\u00a0Ruso las incorpora, iniciamos otra etapa que terminar\u00e1 en una negociaci\u00f3n.Duro golpe a Zelenski que no durar\u00e1\u00a0en el cargo.<\/b><\/p>\n<p><b>Ucrania mantiene KIEV, J\u00c1RKOV, ODESSA(las 3 principales ciudades del pa\u00eds) y todo el oeste del r\u00edo Dnieper.<\/b><\/p>\n<p><b>En ese marco, \u00bf a qui\u00e9n\u00a0beneficia la extensi\u00f3n del conflicto con el sabotaje del Nord Stream I y II?.<\/b><\/p>\n<p><strong>Pareciera que a Rusia no.<\/strong><\/p>\n<p><b>Muy dif\u00edcil, ante las intensas propagandas en Rusia y en Occidente, extraer el grano de la paja,pero hay una coherencia\u00a0en los 6 meses, entre\u00a0lo que hemos seguido diariamente el mapa de la intervenci\u00f3n de Rusia, para recuperar sus fronteras estrat\u00e9gicas, que les fueron\u00a0arrebatadas\u00a0por la OTAN, tras acabar con la URSS.<\/b><\/p>\n<p><b>Siempre hemos se\u00f1alado que no se puede arrinconar a una potencia, llamase\u00a0Rusia, China o los Estados Unidos, porque\u00a0reaccionar\u00eda. \u00bf Reaccionar\u00eda China si intentan quitarle a Taiwan?, \u00bfReaccionaria EE:UU. si le intentasen\u00a0en la frontera de M\u00e9xico, cercarlo. ?<\/b><\/p>\n<!-- AddThis Advanced Settings generic via filter on the_content --><!-- AddThis Share Buttons generic via filter on the_content -->","protected":false},"excerpt":{"rendered":"<p>Finalmente\u00a0terminaron ayer los\u00a0referendos que Rusia\u00a0hizo en las cuatro\u00a0zonas rusoparlantes hist\u00f3ricas, DONETSK, LUGANSK, JERSON Y ZAPORIYIA , sin mayores incidentes como ha mostrado la propia prensa occidental. Los legisladores rusos anuncian que el MARTE 4 DE OCTUBRE se votar\u00e1 su incorporaci\u00f3n\u00a0a Rusia. Occidente no lo acepta, pero, si tomadas y con el apoyo de los ciudadanos, [&hellip;]<!-- AddThis Advanced Settings generic via filter on get_the_excerpt --><!-- AddThis Share Buttons generic via filter on get_the_excerpt --><\/p>\n","protected":false},"author":16,"featured_media":0,"comment_status":"open","ping_status":"closed","sticky":false,"template":"","format":"standard","meta":[],"categories":[1],"tags":[],"_links":{"self":[{"href":"https:\/\/blogs.elcomercio.es\/reflexiones-de-belarmino\/wp-json\/wp\/v2\/posts\/25642"}],"collection":[{"href":"https:\/\/blogs.elcomercio.es\/reflexiones-de-belarmino\/wp-json\/wp\/v2\/posts"}],"about":[{"href":"https:\/\/blogs.elcomercio.es\/reflexiones-de-belarmino\/wp-json\/wp\/v2\/types\/post"}],"author":[{"embeddable":true,"href":"https:\/\/blogs.elcomercio.es\/reflexiones-de-belarmino\/wp-json\/wp\/v2\/users\/16"}],"replies":[{"embeddable":true,"href":"https:\/\/blogs.elcomercio.es\/reflexiones-de-belarmino\/wp-json\/wp\/v2\/comments?post=25642"}],"version-history":[{"count":1,"href":"https:\/\/blogs.elcomercio.es\/reflexiones-de-belarmino\/wp-json\/wp\/v2\/posts\/25642\/revisions"}],"predecessor-version":[{"id":25643,"href":"https:\/\/blogs.elcomercio.es\/reflexiones-de-belarmino\/wp-json\/wp\/v2\/posts\/25642\/revisions\/25643"}],"wp:attachment":[{"href":"https:\/\/blogs.elcomercio.es\/reflexiones-de-belarmino\/wp-json\/wp\/v2\/media?parent=25642"}],"wp:term":[{"taxonomy":"category","embeddable":true,"href":"https:\/\/blogs.elcomercio.es\/reflexiones-de-belarmino\/wp-json\/wp\/v2\/categories?post=25642"},{"taxonomy":"post_tag","embeddable":true,"href":"https:\/\/blogs.elcomercio.es\/reflexiones-de-belarmino\/wp-json\/wp\/v2\/tags?post=25642"}],"curies":[{"name":"wp","href":"https:\/\/api.w.org\/{rel}","templated":true}]}}