{"id":25650,"date":"2022-09-28T10:43:48","date_gmt":"2022-09-28T08:43:48","guid":{"rendered":"https:\/\/blogs.elcomercio.es\/reflexiones-de-belarmino\/?p=25650"},"modified":"2022-09-28T10:43:48","modified_gmt":"2022-09-28T08:43:48","slug":"a-quien-beneficia-el-sabotaje-del-nord-stream-i-y-el-ii","status":"publish","type":"post","link":"https:\/\/blogs.elcomercio.es\/reflexiones-de-belarmino\/2022\/09\/28\/a-quien-beneficia-el-sabotaje-del-nord-stream-i-y-el-ii\/","title":{"rendered":"\u00a1\u00a1\u00a1\u00a1\u00a1\u00bf A QUIEN BENEFICIA EL SABOTAJE DEL NORD STREAM I Y EL II ?!!!!"},"content":{"rendered":"<p><b>Con Angela\u00a0Merkel se apunt\u00f3 a la relaci\u00f3n entre Alemania\u00a0y Rusia. Producto de ello se construy\u00f3 bajo las aguas de mar B\u00e1ltico el Nord Stream I, para\u00a0enviar el gas ruso a Alemania. M\u00e4s tarde se inici\u00f3 bajo la direcci\u00f3n de una compa\u00f1\u00eda\u00a0 alemana- rusa dirigida por el ex canciller\u00a0Schroeder el Nord Stream II que surtir\u00e1\u00a0directamente\u00a0a Alemania, pero que se suspendi\u00f3 por la intervenci\u00f3n rusa en Ucrania.<\/b><\/p>\n<p><b>A varios metros bajo la superficie, m\u00e1s de 20 transcurren ambos gasoductos.La pregunta, \u00bf a quien favorece ese sabotaje?. A Europa no por que lo deja sin gas y adem\u00e1s los contaminan por ello la emergencia de Suecia, Noruega, Finlandia\u00a0y Alemania?.<\/b><\/p>\n<p><b>\u00bf A Rusia a punto de terminar con \u00e9xito\u00a0su proyecto inicial sobre Ucrania?. Tampoco.<\/b><\/p>\n<p><b>\u00bf Adem\u00e1s de Rusia quien tiene la tecnolog\u00eda mas provocar un sabotaje as\u00ed?. Los Estados Unidos, y favorecen a\u00a0 a quienes\u00a0 \u00a0retrasar una soluci\u00f3n\u00a0negociada\u00a0hasta pasar\u00a0el 8 de noviembre, fecha de las trascendentales primarias en los EE:UU, donde se juega\u00a0su futuro como naci\u00f3n.<\/b><\/p>\n<p>&nbsp;<\/p>\n<!-- AddThis Advanced Settings generic via filter on the_content --><!-- AddThis Share Buttons generic via filter on the_content -->","protected":false},"excerpt":{"rendered":"<p>Con Angela\u00a0Merkel se apunt\u00f3 a la relaci\u00f3n entre Alemania\u00a0y Rusia. Producto de ello se construy\u00f3 bajo las aguas de mar B\u00e1ltico el Nord Stream I, para\u00a0enviar el gas ruso a Alemania. M\u00e4s tarde se inici\u00f3 bajo la direcci\u00f3n de una compa\u00f1\u00eda\u00a0 alemana- rusa dirigida por el ex canciller\u00a0Schroeder el Nord Stream II que surtir\u00e1\u00a0directamente\u00a0a Alemania, [&hellip;]<!-- AddThis Advanced Settings generic via filter on get_the_excerpt --><!-- AddThis Share Buttons generic via filter on get_the_excerpt --><\/p>\n","protected":false},"author":16,"featured_media":0,"comment_status":"open","ping_status":"closed","sticky":false,"template":"","format":"standard","meta":[],"categories":[1],"tags":[],"_links":{"self":[{"href":"https:\/\/blogs.elcomercio.es\/reflexiones-de-belarmino\/wp-json\/wp\/v2\/posts\/25650"}],"collection":[{"href":"https:\/\/blogs.elcomercio.es\/reflexiones-de-belarmino\/wp-json\/wp\/v2\/posts"}],"about":[{"href":"https:\/\/blogs.elcomercio.es\/reflexiones-de-belarmino\/wp-json\/wp\/v2\/types\/post"}],"author":[{"embeddable":true,"href":"https:\/\/blogs.elcomercio.es\/reflexiones-de-belarmino\/wp-json\/wp\/v2\/users\/16"}],"replies":[{"embeddable":true,"href":"https:\/\/blogs.elcomercio.es\/reflexiones-de-belarmino\/wp-json\/wp\/v2\/comments?post=25650"}],"version-history":[{"count":1,"href":"https:\/\/blogs.elcomercio.es\/reflexiones-de-belarmino\/wp-json\/wp\/v2\/posts\/25650\/revisions"}],"predecessor-version":[{"id":25651,"href":"https:\/\/blogs.elcomercio.es\/reflexiones-de-belarmino\/wp-json\/wp\/v2\/posts\/25650\/revisions\/25651"}],"wp:attachment":[{"href":"https:\/\/blogs.elcomercio.es\/reflexiones-de-belarmino\/wp-json\/wp\/v2\/media?parent=25650"}],"wp:term":[{"taxonomy":"category","embeddable":true,"href":"https:\/\/blogs.elcomercio.es\/reflexiones-de-belarmino\/wp-json\/wp\/v2\/categories?post=25650"},{"taxonomy":"post_tag","embeddable":true,"href":"https:\/\/blogs.elcomercio.es\/reflexiones-de-belarmino\/wp-json\/wp\/v2\/tags?post=25650"}],"curies":[{"name":"wp","href":"https:\/\/api.w.org\/{rel}","templated":true}]}}