{"id":25656,"date":"2022-09-28T18:50:24","date_gmt":"2022-09-28T16:50:24","guid":{"rendered":"https:\/\/blogs.elcomercio.es\/reflexiones-de-belarmino\/?p=25656"},"modified":"2022-09-28T18:50:24","modified_gmt":"2022-09-28T16:50:24","slug":"el-huracan-ian-tras-golpear-cuba-sube-a-nivel-5-y-llegara-a-florida-millones-van-a-ser-afectados","status":"publish","type":"post","link":"https:\/\/blogs.elcomercio.es\/reflexiones-de-belarmino\/2022\/09\/28\/el-huracan-ian-tras-golpear-cuba-sube-a-nivel-5-y-llegara-a-florida-millones-van-a-ser-afectados\/","title":{"rendered":"\u00a1\u00a1\u00a1\u00a1EL HURAC\u00c1N &#8220;IAN&#8221;, TRAS GOLPEAR CUBA, SUBE A NIVEL 5 Y LLEGAR\u00c1 A FLORIDA.MILLONES VAN A SER AFECTADOS !!!"},"content":{"rendered":"<p><b>Fiona, Hermine( y por orden alfab\u00e9tico\u00a0siempre) llega\u00a0el Hurac\u00e1n IAN. El Fionna\u00a0se desvi\u00f3 del Caribe y golpe\u00f3 las costas de Canad\u00e1; el Hermine, tambi\u00e9n\u00a0desviado, es el que ha causado tantos destrozos en las Canarias(nada que ver con el Levante que es por la temperatura del Mediterr\u00e1neo), pero el IAN es poderoso. Tras pasar nivel\u00a0 3 en Cuba, al tomar las aguas siempre se incrementan y est\u00e1 entrando en Florida ya con nivel m\u00e1ximo de 5, lo que significa vientos entre 250 y 300 kms\/ hora.<\/b><\/p>\n<p><b>Por la gran cantidad de poblaci\u00f3n al entrar por Florida\u00a0pero seguir en EE:UU, va a afectar a millones y a causar grandes\u00a0destrozos y v\u00edctimas\u00a0mortales.<\/b><\/p>\n<p><strong>Y estamos apenas en la I&#8230;es decir que de aqu\u00ed a finales de noviembre seguir\u00e1n, y usted puede seguirlos en el Centro Nacional de Huracanes de EE:UU;, donde se pueden observar d\u00eda a d\u00eda la trayectoria y la foto y los da\u00f1os en color de cada uno de ellos.<\/strong><\/p>\n<p><strong>Cuando se van por el Pac\u00edfico hacia Asia, se llaman Tifones.<\/strong><\/p>\n<p>&nbsp;<\/p>\n<!-- AddThis Advanced Settings generic via filter on the_content --><!-- AddThis Share Buttons generic via filter on the_content -->","protected":false},"excerpt":{"rendered":"<p>Fiona, Hermine( y por orden alfab\u00e9tico\u00a0siempre) llega\u00a0el Hurac\u00e1n IAN. El Fionna\u00a0se desvi\u00f3 del Caribe y golpe\u00f3 las costas de Canad\u00e1; el Hermine, tambi\u00e9n\u00a0desviado, es el que ha causado tantos destrozos en las Canarias(nada que ver con el Levante que es por la temperatura del Mediterr\u00e1neo), pero el IAN es poderoso. Tras pasar nivel\u00a0 3 en [&hellip;]<!-- AddThis Advanced Settings generic via filter on get_the_excerpt --><!-- AddThis Share Buttons generic via filter on get_the_excerpt --><\/p>\n","protected":false},"author":16,"featured_media":0,"comment_status":"open","ping_status":"closed","sticky":false,"template":"","format":"standard","meta":[],"categories":[1],"tags":[],"_links":{"self":[{"href":"https:\/\/blogs.elcomercio.es\/reflexiones-de-belarmino\/wp-json\/wp\/v2\/posts\/25656"}],"collection":[{"href":"https:\/\/blogs.elcomercio.es\/reflexiones-de-belarmino\/wp-json\/wp\/v2\/posts"}],"about":[{"href":"https:\/\/blogs.elcomercio.es\/reflexiones-de-belarmino\/wp-json\/wp\/v2\/types\/post"}],"author":[{"embeddable":true,"href":"https:\/\/blogs.elcomercio.es\/reflexiones-de-belarmino\/wp-json\/wp\/v2\/users\/16"}],"replies":[{"embeddable":true,"href":"https:\/\/blogs.elcomercio.es\/reflexiones-de-belarmino\/wp-json\/wp\/v2\/comments?post=25656"}],"version-history":[{"count":1,"href":"https:\/\/blogs.elcomercio.es\/reflexiones-de-belarmino\/wp-json\/wp\/v2\/posts\/25656\/revisions"}],"predecessor-version":[{"id":25657,"href":"https:\/\/blogs.elcomercio.es\/reflexiones-de-belarmino\/wp-json\/wp\/v2\/posts\/25656\/revisions\/25657"}],"wp:attachment":[{"href":"https:\/\/blogs.elcomercio.es\/reflexiones-de-belarmino\/wp-json\/wp\/v2\/media?parent=25656"}],"wp:term":[{"taxonomy":"category","embeddable":true,"href":"https:\/\/blogs.elcomercio.es\/reflexiones-de-belarmino\/wp-json\/wp\/v2\/categories?post=25656"},{"taxonomy":"post_tag","embeddable":true,"href":"https:\/\/blogs.elcomercio.es\/reflexiones-de-belarmino\/wp-json\/wp\/v2\/tags?post=25656"}],"curies":[{"name":"wp","href":"https:\/\/api.w.org\/{rel}","templated":true}]}}