{"id":25660,"date":"2022-09-28T19:09:19","date_gmt":"2022-09-28T17:09:19","guid":{"rendered":"https:\/\/blogs.elcomercio.es\/reflexiones-de-belarmino\/?p=25660"},"modified":"2022-09-28T19:09:19","modified_gmt":"2022-09-28T17:09:19","slug":"tras-los-referendos-los-lideres-prorrusos-piden-formalmente-su-anexion-a-rusia","status":"publish","type":"post","link":"https:\/\/blogs.elcomercio.es\/reflexiones-de-belarmino\/2022\/09\/28\/tras-los-referendos-los-lideres-prorrusos-piden-formalmente-su-anexion-a-rusia\/","title":{"rendered":"\u00a1\u00a1\u00a1TRAS LOS REFERENDOS, LOS L\u00cdDERES PRORRUSOS PIDEN FORMALMENTE SU ANEXI\u00d3N A RUSIA !!!"},"content":{"rendered":"<p><b>Terminados los escrutinios, los l\u00edderes\u00a0de la mayor\u00eda rusoparlante de DONETSK, LUGANSK, JERSON Y ZAPORIYIA, han pedido formalmente hoy su incorporaci\u00f3n a Rusia. El martes 4 se somete al Parlamento Ruso.<\/b><\/p>\n<p><b>Es cierto fue una acci\u00f3n militar rusa para recuperar el control de sus fronteras en el Donbass, pero en 6 meses, Zelenski no gan\u00f3 una sola\u00a0batalla, lo que le exig\u00edan\u00a0 los propios brit\u00e1nicos, con un ej\u00e9rcito\u00a0de un mill\u00f3n\u00a0de hombres y armamento de 50 paises.<\/b><\/p>\n<p><b>Ahora de la misma forma que aparecen los\u00a0cad\u00e1veres\u00a0ocasionados por Rusia, van a aparecer en el mercado negro de Oriente Medio y de otras partes, el armamento\u00a0enviado a Ucrania que nunca llegaron y aparecer\u00e1n el casi bill\u00f3n de dolares, que est\u00e1n en el\u00a0limbo, sin que nadie.<\/b><\/p>\n<!-- AddThis Advanced Settings generic via filter on the_content --><!-- AddThis Share Buttons generic via filter on the_content -->","protected":false},"excerpt":{"rendered":"<p>Terminados los escrutinios, los l\u00edderes\u00a0de la mayor\u00eda rusoparlante de DONETSK, LUGANSK, JERSON Y ZAPORIYIA, han pedido formalmente hoy su incorporaci\u00f3n a Rusia. El martes 4 se somete al Parlamento Ruso. Es cierto fue una acci\u00f3n militar rusa para recuperar el control de sus fronteras en el Donbass, pero en 6 meses, Zelenski no gan\u00f3 una [&hellip;]<!-- AddThis Advanced Settings generic via filter on get_the_excerpt --><!-- AddThis Share Buttons generic via filter on get_the_excerpt --><\/p>\n","protected":false},"author":16,"featured_media":0,"comment_status":"open","ping_status":"closed","sticky":false,"template":"","format":"standard","meta":[],"categories":[1],"tags":[],"_links":{"self":[{"href":"https:\/\/blogs.elcomercio.es\/reflexiones-de-belarmino\/wp-json\/wp\/v2\/posts\/25660"}],"collection":[{"href":"https:\/\/blogs.elcomercio.es\/reflexiones-de-belarmino\/wp-json\/wp\/v2\/posts"}],"about":[{"href":"https:\/\/blogs.elcomercio.es\/reflexiones-de-belarmino\/wp-json\/wp\/v2\/types\/post"}],"author":[{"embeddable":true,"href":"https:\/\/blogs.elcomercio.es\/reflexiones-de-belarmino\/wp-json\/wp\/v2\/users\/16"}],"replies":[{"embeddable":true,"href":"https:\/\/blogs.elcomercio.es\/reflexiones-de-belarmino\/wp-json\/wp\/v2\/comments?post=25660"}],"version-history":[{"count":1,"href":"https:\/\/blogs.elcomercio.es\/reflexiones-de-belarmino\/wp-json\/wp\/v2\/posts\/25660\/revisions"}],"predecessor-version":[{"id":25661,"href":"https:\/\/blogs.elcomercio.es\/reflexiones-de-belarmino\/wp-json\/wp\/v2\/posts\/25660\/revisions\/25661"}],"wp:attachment":[{"href":"https:\/\/blogs.elcomercio.es\/reflexiones-de-belarmino\/wp-json\/wp\/v2\/media?parent=25660"}],"wp:term":[{"taxonomy":"category","embeddable":true,"href":"https:\/\/blogs.elcomercio.es\/reflexiones-de-belarmino\/wp-json\/wp\/v2\/categories?post=25660"},{"taxonomy":"post_tag","embeddable":true,"href":"https:\/\/blogs.elcomercio.es\/reflexiones-de-belarmino\/wp-json\/wp\/v2\/tags?post=25660"}],"curies":[{"name":"wp","href":"https:\/\/api.w.org\/{rel}","templated":true}]}}