{"id":25662,"date":"2022-09-29T10:58:25","date_gmt":"2022-09-29T08:58:25","guid":{"rendered":"https:\/\/blogs.elcomercio.es\/reflexiones-de-belarmino\/?p=25662"},"modified":"2022-09-29T10:58:25","modified_gmt":"2022-09-29T08:58:25","slug":"dos-millones-de-hogares-sin-electricidad-en-florida-mientras-ian-avanza","status":"publish","type":"post","link":"https:\/\/blogs.elcomercio.es\/reflexiones-de-belarmino\/2022\/09\/29\/dos-millones-de-hogares-sin-electricidad-en-florida-mientras-ian-avanza\/","title":{"rendered":"\u00a1\u00a1\u00a1\u00a1DOS MILLONES DE HOGARES SIN ELECTRICIDAD EN FLORIDA, MIENTRAS IAN AVANZA !!!"},"content":{"rendered":"<p><b>Llam\u00f3 la atenci\u00f3n\u00a0 de la llegada de IAN a Florida. Antes de entrar succiono\u00a0el mar y levant\u00f3 olas de varios metros y lleg\u00f3 ya a nivel 4, con vientos de 250 kms.por hora.Hasta este momento 2 millones de hogares de Florida est\u00e1n sin electricidad, y sigue avanzando hacia el norte, donde llegar\u00eda\u00a0,ya con menor intensidad el domingo a Kentucky.<\/b><\/p>\n<!-- AddThis Advanced Settings generic via filter on the_content --><!-- AddThis Share Buttons generic via filter on the_content -->","protected":false},"excerpt":{"rendered":"<p>Llam\u00f3 la atenci\u00f3n\u00a0 de la llegada de IAN a Florida. Antes de entrar succiono\u00a0el mar y levant\u00f3 olas de varios metros y lleg\u00f3 ya a nivel 4, con vientos de 250 kms.por hora.Hasta este momento 2 millones de hogares de Florida est\u00e1n sin electricidad, y sigue avanzando hacia el norte, donde llegar\u00eda\u00a0,ya con menor intensidad [&hellip;]<!-- AddThis Advanced Settings generic via filter on get_the_excerpt --><!-- AddThis Share Buttons generic via filter on get_the_excerpt --><\/p>\n","protected":false},"author":16,"featured_media":0,"comment_status":"open","ping_status":"closed","sticky":false,"template":"","format":"standard","meta":[],"categories":[1],"tags":[],"_links":{"self":[{"href":"https:\/\/blogs.elcomercio.es\/reflexiones-de-belarmino\/wp-json\/wp\/v2\/posts\/25662"}],"collection":[{"href":"https:\/\/blogs.elcomercio.es\/reflexiones-de-belarmino\/wp-json\/wp\/v2\/posts"}],"about":[{"href":"https:\/\/blogs.elcomercio.es\/reflexiones-de-belarmino\/wp-json\/wp\/v2\/types\/post"}],"author":[{"embeddable":true,"href":"https:\/\/blogs.elcomercio.es\/reflexiones-de-belarmino\/wp-json\/wp\/v2\/users\/16"}],"replies":[{"embeddable":true,"href":"https:\/\/blogs.elcomercio.es\/reflexiones-de-belarmino\/wp-json\/wp\/v2\/comments?post=25662"}],"version-history":[{"count":2,"href":"https:\/\/blogs.elcomercio.es\/reflexiones-de-belarmino\/wp-json\/wp\/v2\/posts\/25662\/revisions"}],"predecessor-version":[{"id":25665,"href":"https:\/\/blogs.elcomercio.es\/reflexiones-de-belarmino\/wp-json\/wp\/v2\/posts\/25662\/revisions\/25665"}],"wp:attachment":[{"href":"https:\/\/blogs.elcomercio.es\/reflexiones-de-belarmino\/wp-json\/wp\/v2\/media?parent=25662"}],"wp:term":[{"taxonomy":"category","embeddable":true,"href":"https:\/\/blogs.elcomercio.es\/reflexiones-de-belarmino\/wp-json\/wp\/v2\/categories?post=25662"},{"taxonomy":"post_tag","embeddable":true,"href":"https:\/\/blogs.elcomercio.es\/reflexiones-de-belarmino\/wp-json\/wp\/v2\/tags?post=25662"}],"curies":[{"name":"wp","href":"https:\/\/api.w.org\/{rel}","templated":true}]}}