{"id":25666,"date":"2022-09-29T11:04:16","date_gmt":"2022-09-29T09:04:16","guid":{"rendered":"https:\/\/blogs.elcomercio.es\/reflexiones-de-belarmino\/?p=25666"},"modified":"2022-09-29T11:04:16","modified_gmt":"2022-09-29T09:04:16","slug":"cuba-fuertemente-golpeada-recibira-de-inmediato-ayuda-de-mexico-y-venezuela","status":"publish","type":"post","link":"https:\/\/blogs.elcomercio.es\/reflexiones-de-belarmino\/2022\/09\/29\/cuba-fuertemente-golpeada-recibira-de-inmediato-ayuda-de-mexico-y-venezuela\/","title":{"rendered":"\u00a1\u00a1\u00a1\u00a1\u00a1CUBA FUERTEMENTE GOLPEADA RECIBIR\u00c1 DE INMEDIATO AYUDA DE MEXICO Y VENEZUELA !!"},"content":{"rendered":"<p><b>El presidente de Cuba Miguel\u00a0D\u00edaz Canel, descendiente de asturianos de Castropol, agradeci\u00f3 el ofrecimiento de ayuda\u00a0humanitaria a los presidentes\u00a0de M\u00e9xico Andr\u00e9s Manuel L\u00f3pez Obrador\u00a0y al de Venezuela Nicol\u00e1s Maduro.<\/b><\/p>\n<p><strong>Desde hoy empezar\u00e1n a recibirse.<\/strong><\/p>\n<p><strong>En Cuba, bien preparados por su historial, reportan 2 fallecidos.<\/strong><\/p>\n<!-- AddThis Advanced Settings generic via filter on the_content --><!-- AddThis Share Buttons generic via filter on the_content -->","protected":false},"excerpt":{"rendered":"<p>El presidente de Cuba Miguel\u00a0D\u00edaz Canel, descendiente de asturianos de Castropol, agradeci\u00f3 el ofrecimiento de ayuda\u00a0humanitaria a los presidentes\u00a0de M\u00e9xico Andr\u00e9s Manuel L\u00f3pez Obrador\u00a0y al de Venezuela Nicol\u00e1s Maduro. Desde hoy empezar\u00e1n a recibirse. En Cuba, bien preparados por su historial, reportan 2 fallecidos.<!-- AddThis Advanced Settings generic via filter on get_the_excerpt --><!-- AddThis Share Buttons generic via filter on get_the_excerpt --><\/p>\n","protected":false},"author":16,"featured_media":0,"comment_status":"open","ping_status":"closed","sticky":false,"template":"","format":"standard","meta":[],"categories":[1],"tags":[],"_links":{"self":[{"href":"https:\/\/blogs.elcomercio.es\/reflexiones-de-belarmino\/wp-json\/wp\/v2\/posts\/25666"}],"collection":[{"href":"https:\/\/blogs.elcomercio.es\/reflexiones-de-belarmino\/wp-json\/wp\/v2\/posts"}],"about":[{"href":"https:\/\/blogs.elcomercio.es\/reflexiones-de-belarmino\/wp-json\/wp\/v2\/types\/post"}],"author":[{"embeddable":true,"href":"https:\/\/blogs.elcomercio.es\/reflexiones-de-belarmino\/wp-json\/wp\/v2\/users\/16"}],"replies":[{"embeddable":true,"href":"https:\/\/blogs.elcomercio.es\/reflexiones-de-belarmino\/wp-json\/wp\/v2\/comments?post=25666"}],"version-history":[{"count":1,"href":"https:\/\/blogs.elcomercio.es\/reflexiones-de-belarmino\/wp-json\/wp\/v2\/posts\/25666\/revisions"}],"predecessor-version":[{"id":25667,"href":"https:\/\/blogs.elcomercio.es\/reflexiones-de-belarmino\/wp-json\/wp\/v2\/posts\/25666\/revisions\/25667"}],"wp:attachment":[{"href":"https:\/\/blogs.elcomercio.es\/reflexiones-de-belarmino\/wp-json\/wp\/v2\/media?parent=25666"}],"wp:term":[{"taxonomy":"category","embeddable":true,"href":"https:\/\/blogs.elcomercio.es\/reflexiones-de-belarmino\/wp-json\/wp\/v2\/categories?post=25666"},{"taxonomy":"post_tag","embeddable":true,"href":"https:\/\/blogs.elcomercio.es\/reflexiones-de-belarmino\/wp-json\/wp\/v2\/tags?post=25666"}],"curies":[{"name":"wp","href":"https:\/\/api.w.org\/{rel}","templated":true}]}}