{"id":25668,"date":"2022-09-29T11:09:18","date_gmt":"2022-09-29T09:09:18","guid":{"rendered":"https:\/\/blogs.elcomercio.es\/reflexiones-de-belarmino\/?p=25668"},"modified":"2022-09-29T11:09:18","modified_gmt":"2022-09-29T09:09:18","slug":"alemania-entrara-en-recesion","status":"publish","type":"post","link":"https:\/\/blogs.elcomercio.es\/reflexiones-de-belarmino\/2022\/09\/29\/alemania-entrara-en-recesion\/","title":{"rendered":"\u00a1\u00a1\u00a1\u00a1\u00a1ALEMANIA ENTRAR\u00c1 EN RECESI\u00d3N.!!!!"},"content":{"rendered":"<p><b>Alemania la locomotora europea, debido a la pol\u00edtica\u00a0de Angela Merkel de depender de Rusia para casi todo su gas, entrar\u00e1 en recesi\u00f3n. Hoy su crecimiento es 1.4 % y se espera que sea de 0.4% en 2023.Su inflacion de 8.8 se sostendr\u00e1 en el mismo nivel en 2023. \u00bf Quien lo pensaria ?<\/b><\/p>\n<p>&nbsp;<\/p>\n<p>&nbsp;<\/p>\n<!-- AddThis Advanced Settings generic via filter on the_content --><!-- AddThis Share Buttons generic via filter on the_content -->","protected":false},"excerpt":{"rendered":"<p>Alemania la locomotora europea, debido a la pol\u00edtica\u00a0de Angela Merkel de depender de Rusia para casi todo su gas, entrar\u00e1 en recesi\u00f3n. Hoy su crecimiento es 1.4 % y se espera que sea de 0.4% en 2023.Su inflacion de 8.8 se sostendr\u00e1 en el mismo nivel en 2023. \u00bf Quien lo pensaria ? &nbsp; &nbsp;<!-- AddThis Advanced Settings generic via filter on get_the_excerpt --><!-- AddThis Share Buttons generic via filter on get_the_excerpt --><\/p>\n","protected":false},"author":16,"featured_media":0,"comment_status":"open","ping_status":"closed","sticky":false,"template":"","format":"standard","meta":[],"categories":[1],"tags":[],"_links":{"self":[{"href":"https:\/\/blogs.elcomercio.es\/reflexiones-de-belarmino\/wp-json\/wp\/v2\/posts\/25668"}],"collection":[{"href":"https:\/\/blogs.elcomercio.es\/reflexiones-de-belarmino\/wp-json\/wp\/v2\/posts"}],"about":[{"href":"https:\/\/blogs.elcomercio.es\/reflexiones-de-belarmino\/wp-json\/wp\/v2\/types\/post"}],"author":[{"embeddable":true,"href":"https:\/\/blogs.elcomercio.es\/reflexiones-de-belarmino\/wp-json\/wp\/v2\/users\/16"}],"replies":[{"embeddable":true,"href":"https:\/\/blogs.elcomercio.es\/reflexiones-de-belarmino\/wp-json\/wp\/v2\/comments?post=25668"}],"version-history":[{"count":1,"href":"https:\/\/blogs.elcomercio.es\/reflexiones-de-belarmino\/wp-json\/wp\/v2\/posts\/25668\/revisions"}],"predecessor-version":[{"id":25669,"href":"https:\/\/blogs.elcomercio.es\/reflexiones-de-belarmino\/wp-json\/wp\/v2\/posts\/25668\/revisions\/25669"}],"wp:attachment":[{"href":"https:\/\/blogs.elcomercio.es\/reflexiones-de-belarmino\/wp-json\/wp\/v2\/media?parent=25668"}],"wp:term":[{"taxonomy":"category","embeddable":true,"href":"https:\/\/blogs.elcomercio.es\/reflexiones-de-belarmino\/wp-json\/wp\/v2\/categories?post=25668"},{"taxonomy":"post_tag","embeddable":true,"href":"https:\/\/blogs.elcomercio.es\/reflexiones-de-belarmino\/wp-json\/wp\/v2\/tags?post=25668"}],"curies":[{"name":"wp","href":"https:\/\/api.w.org\/{rel}","templated":true}]}}