{"id":25670,"date":"2022-09-29T11:16:48","date_gmt":"2022-09-29T09:16:48","guid":{"rendered":"https:\/\/blogs.elcomercio.es\/reflexiones-de-belarmino\/?p=25670"},"modified":"2022-09-29T11:16:48","modified_gmt":"2022-09-29T09:16:48","slug":"cuarta-fractura-en-el-nord-stream-en-suecia-rusia-explica-que-esa-zona-es-de-control-de-la-inteligencia-de-ee-uu","status":"publish","type":"post","link":"https:\/\/blogs.elcomercio.es\/reflexiones-de-belarmino\/2022\/09\/29\/cuarta-fractura-en-el-nord-stream-en-suecia-rusia-explica-que-esa-zona-es-de-control-de-la-inteligencia-de-ee-uu\/","title":{"rendered":"\u00a1\u00a1\u00a1\u00a1\u00a1CUARTA FRACTURA EN EL NORD STREAM EN SUECIA. RUSIA EXPLICA QUE ESA ZONA ES DE CONTROL DE LA INTELIGENCIA DE EE.UU.!!!"},"content":{"rendered":"<p><strong>Hoy se cre\u00f3 otra fractura, la cuarta, del Nord Stream I, a la altura de las costa de Suecia, que llam\u00f3 a una reuni\u00f3n de seguridad.<\/strong><\/p>\n<p><b>Ayer trat\u00e1bamos\u00a0de explicarles\u00a0a quien le interesaria un sabotaje, y ayer mismo Mosc\u00fa explic\u00f3 que ellos no hab\u00edan sido y que la zona es la que manejan los sistemas de espionaje de EE:UU.<\/b><\/p>\n<p><strong>Sin saber, lo que ello significa de entrada\u00a0 es que en Europa ya no entrar\u00e1 el gas ruso, lo que siempre combati\u00f3 EE:UU para ser ellos los surtidores.<\/strong><\/p>\n<p>&nbsp;<\/p>\n<!-- AddThis Advanced Settings generic via filter on the_content --><!-- AddThis Share Buttons generic via filter on the_content -->","protected":false},"excerpt":{"rendered":"<p>Hoy se cre\u00f3 otra fractura, la cuarta, del Nord Stream I, a la altura de las costa de Suecia, que llam\u00f3 a una reuni\u00f3n de seguridad. Ayer trat\u00e1bamos\u00a0de explicarles\u00a0a quien le interesaria un sabotaje, y ayer mismo Mosc\u00fa explic\u00f3 que ellos no hab\u00edan sido y que la zona es la que manejan los sistemas de [&hellip;]<!-- AddThis Advanced Settings generic via filter on get_the_excerpt --><!-- AddThis Share Buttons generic via filter on get_the_excerpt --><\/p>\n","protected":false},"author":16,"featured_media":0,"comment_status":"open","ping_status":"closed","sticky":false,"template":"","format":"standard","meta":[],"categories":[1],"tags":[],"_links":{"self":[{"href":"https:\/\/blogs.elcomercio.es\/reflexiones-de-belarmino\/wp-json\/wp\/v2\/posts\/25670"}],"collection":[{"href":"https:\/\/blogs.elcomercio.es\/reflexiones-de-belarmino\/wp-json\/wp\/v2\/posts"}],"about":[{"href":"https:\/\/blogs.elcomercio.es\/reflexiones-de-belarmino\/wp-json\/wp\/v2\/types\/post"}],"author":[{"embeddable":true,"href":"https:\/\/blogs.elcomercio.es\/reflexiones-de-belarmino\/wp-json\/wp\/v2\/users\/16"}],"replies":[{"embeddable":true,"href":"https:\/\/blogs.elcomercio.es\/reflexiones-de-belarmino\/wp-json\/wp\/v2\/comments?post=25670"}],"version-history":[{"count":1,"href":"https:\/\/blogs.elcomercio.es\/reflexiones-de-belarmino\/wp-json\/wp\/v2\/posts\/25670\/revisions"}],"predecessor-version":[{"id":25671,"href":"https:\/\/blogs.elcomercio.es\/reflexiones-de-belarmino\/wp-json\/wp\/v2\/posts\/25670\/revisions\/25671"}],"wp:attachment":[{"href":"https:\/\/blogs.elcomercio.es\/reflexiones-de-belarmino\/wp-json\/wp\/v2\/media?parent=25670"}],"wp:term":[{"taxonomy":"category","embeddable":true,"href":"https:\/\/blogs.elcomercio.es\/reflexiones-de-belarmino\/wp-json\/wp\/v2\/categories?post=25670"},{"taxonomy":"post_tag","embeddable":true,"href":"https:\/\/blogs.elcomercio.es\/reflexiones-de-belarmino\/wp-json\/wp\/v2\/tags?post=25670"}],"curies":[{"name":"wp","href":"https:\/\/api.w.org\/{rel}","templated":true}]}}