{"id":25672,"date":"2022-09-29T12:03:46","date_gmt":"2022-09-29T10:03:46","guid":{"rendered":"https:\/\/blogs.elcomercio.es\/reflexiones-de-belarmino\/?p=25672"},"modified":"2022-09-29T12:03:46","modified_gmt":"2022-09-29T10:03:46","slug":"tamaulipas-nuevo-estado-de-morena23-de-32","status":"publish","type":"post","link":"https:\/\/blogs.elcomercio.es\/reflexiones-de-belarmino\/2022\/09\/29\/tamaulipas-nuevo-estado-de-morena23-de-32\/","title":{"rendered":"\u00a1\u00a1\u00a1\u00a1\u00a1\u00a1TAMAULIPAS NUEVO ESTADO DE MORENA(23 DE 32) !!!!!"},"content":{"rendered":"<p><b>Algo est\u00e1 haciendo en beneficio de las mayor\u00edas la Cuarta Transformaci\u00f3n que preside L\u00f3pez Obrador que ayer fue nombrado\u00a0Am\u00e9rico Villarreal, tras ganar las quejas que defini\u00f3\u00a0un juez, convirti\u00e9ndose\u00a0en el gobernador 23 de los 32 del pa\u00eds en manos de MORENA.Antes de irse en 2023, se elige\u00a0la gubernatura\u00a0clave, basti\u00f3n del PRI 80 a\u00f1os: El Estado de M\u00e9xico..<\/b><\/p>\n<p><b>Los tres precandidatos\u00a0naturales\u00a0que est\u00e1n surgiendo son Claudia Sheinbaum, gobernadora de la ciudad de M\u00e9xico; Marcelo Ebrard, canciller y Adrian Augusto D\u00edaz, secretario de gobernaci\u00f2n.<\/b><\/p>\n<p><b>Todo paso en esta etapa de M\u00e9xico, pasa por la democracia, y la no corrupci\u00f3n\u00a0, junto con la legalidad constitucional y la libertad de prensa.<\/b><\/p>\n<p><b>Es bastante\u00a0l\u00f3gico que, a partir\u00a0del 2024, que\u00a0se elija al sucesor o sucesora de L\u00f3pez Obrador, el pueblo mexicano no permitir\u00e1\u00a0la vuelta al pasado.<\/b><\/p>\n<!-- AddThis Advanced Settings generic via filter on the_content --><!-- AddThis Share Buttons generic via filter on the_content -->","protected":false},"excerpt":{"rendered":"<p>Algo est\u00e1 haciendo en beneficio de las mayor\u00edas la Cuarta Transformaci\u00f3n que preside L\u00f3pez Obrador que ayer fue nombrado\u00a0Am\u00e9rico Villarreal, tras ganar las quejas que defini\u00f3\u00a0un juez, convirti\u00e9ndose\u00a0en el gobernador 23 de los 32 del pa\u00eds en manos de MORENA.Antes de irse en 2023, se elige\u00a0la gubernatura\u00a0clave, basti\u00f3n del PRI 80 a\u00f1os: El Estado de [&hellip;]<!-- AddThis Advanced Settings generic via filter on get_the_excerpt --><!-- AddThis Share Buttons generic via filter on get_the_excerpt --><\/p>\n","protected":false},"author":16,"featured_media":0,"comment_status":"open","ping_status":"closed","sticky":false,"template":"","format":"standard","meta":[],"categories":[1],"tags":[],"_links":{"self":[{"href":"https:\/\/blogs.elcomercio.es\/reflexiones-de-belarmino\/wp-json\/wp\/v2\/posts\/25672"}],"collection":[{"href":"https:\/\/blogs.elcomercio.es\/reflexiones-de-belarmino\/wp-json\/wp\/v2\/posts"}],"about":[{"href":"https:\/\/blogs.elcomercio.es\/reflexiones-de-belarmino\/wp-json\/wp\/v2\/types\/post"}],"author":[{"embeddable":true,"href":"https:\/\/blogs.elcomercio.es\/reflexiones-de-belarmino\/wp-json\/wp\/v2\/users\/16"}],"replies":[{"embeddable":true,"href":"https:\/\/blogs.elcomercio.es\/reflexiones-de-belarmino\/wp-json\/wp\/v2\/comments?post=25672"}],"version-history":[{"count":1,"href":"https:\/\/blogs.elcomercio.es\/reflexiones-de-belarmino\/wp-json\/wp\/v2\/posts\/25672\/revisions"}],"predecessor-version":[{"id":25673,"href":"https:\/\/blogs.elcomercio.es\/reflexiones-de-belarmino\/wp-json\/wp\/v2\/posts\/25672\/revisions\/25673"}],"wp:attachment":[{"href":"https:\/\/blogs.elcomercio.es\/reflexiones-de-belarmino\/wp-json\/wp\/v2\/media?parent=25672"}],"wp:term":[{"taxonomy":"category","embeddable":true,"href":"https:\/\/blogs.elcomercio.es\/reflexiones-de-belarmino\/wp-json\/wp\/v2\/categories?post=25672"},{"taxonomy":"post_tag","embeddable":true,"href":"https:\/\/blogs.elcomercio.es\/reflexiones-de-belarmino\/wp-json\/wp\/v2\/tags?post=25672"}],"curies":[{"name":"wp","href":"https:\/\/api.w.org\/{rel}","templated":true}]}}