{"id":25676,"date":"2022-09-29T18:23:25","date_gmt":"2022-09-29T16:23:25","guid":{"rendered":"https:\/\/blogs.elcomercio.es\/reflexiones-de-belarmino\/?p=25676"},"modified":"2022-09-29T18:23:25","modified_gmt":"2022-09-29T16:23:25","slug":"y-jackie-pregunto-biden-a-quien-habia-enterrado-hace-6-meses-nuevo-lapsus-quien-gobierna-la-casa-blanca","status":"publish","type":"post","link":"https:\/\/blogs.elcomercio.es\/reflexiones-de-belarmino\/2022\/09\/29\/y-jackie-pregunto-biden-a-quien-habia-enterrado-hace-6-meses-nuevo-lapsus-quien-gobierna-la-casa-blanca\/","title":{"rendered":"\u00a1\u00a1\u00a1\u00a1&#8221; \u00bfY JACKIE?, PREGUNT\u00d3 BIDEN, A QUIEN HABIA ENTERRADO HACE 6 MESES.- NUEVO LAPSUS.\u00bfQUIEN GOBIERNA LA CASA BLANCA ?!!!"},"content":{"rendered":"<p><b>En p\u00fablico y a trav\u00e9s de los medios en todo el pa\u00eds, Joe\u00a0Biden, pregunto por Jackie. Sorprendidos sus colaboradores se miraron\u00a0entre s\u00ed.Jackie era una amiga a quien enterr\u00f3 hace 6 meses..<\/b><\/p>\n<p><b>Este nuevo lapsus del presidente de los Estados Unidos, en medio de todo el conflicto en Ucrania, en Europa, el acabar con los Nord Stream que impedir\u00e1n recibir gas ruso de ahora en adelante\u00a0a Alemania, preocupa no s\u00f3lo a los dem\u00f3cratas, sino a todo el sistema norteamericano.<\/b><\/p>\n<p><b>Faltan 10 d\u00edas para las trascendentales elecciones de representantes y senadores de mitad de la presidencia, vitales en ese pa\u00eds que puede llevarlo a un enfrentamiento como\u00a0en la Guerra Sucesi\u00f3n de 1862 a 1864, y uno se pregunta\u00bf qui\u00e9n\u00a0gobierna en realidad en los Estados Unidos ?<\/b><\/p>\n<!-- AddThis Advanced Settings generic via filter on the_content --><!-- AddThis Share Buttons generic via filter on the_content -->","protected":false},"excerpt":{"rendered":"<p>En p\u00fablico y a trav\u00e9s de los medios en todo el pa\u00eds, Joe\u00a0Biden, pregunto por Jackie. Sorprendidos sus colaboradores se miraron\u00a0entre s\u00ed.Jackie era una amiga a quien enterr\u00f3 hace 6 meses.. Este nuevo lapsus del presidente de los Estados Unidos, en medio de todo el conflicto en Ucrania, en Europa, el acabar con los Nord [&hellip;]<!-- AddThis Advanced Settings generic via filter on get_the_excerpt --><!-- AddThis Share Buttons generic via filter on get_the_excerpt --><\/p>\n","protected":false},"author":16,"featured_media":0,"comment_status":"open","ping_status":"closed","sticky":false,"template":"","format":"standard","meta":[],"categories":[1],"tags":[],"_links":{"self":[{"href":"https:\/\/blogs.elcomercio.es\/reflexiones-de-belarmino\/wp-json\/wp\/v2\/posts\/25676"}],"collection":[{"href":"https:\/\/blogs.elcomercio.es\/reflexiones-de-belarmino\/wp-json\/wp\/v2\/posts"}],"about":[{"href":"https:\/\/blogs.elcomercio.es\/reflexiones-de-belarmino\/wp-json\/wp\/v2\/types\/post"}],"author":[{"embeddable":true,"href":"https:\/\/blogs.elcomercio.es\/reflexiones-de-belarmino\/wp-json\/wp\/v2\/users\/16"}],"replies":[{"embeddable":true,"href":"https:\/\/blogs.elcomercio.es\/reflexiones-de-belarmino\/wp-json\/wp\/v2\/comments?post=25676"}],"version-history":[{"count":2,"href":"https:\/\/blogs.elcomercio.es\/reflexiones-de-belarmino\/wp-json\/wp\/v2\/posts\/25676\/revisions"}],"predecessor-version":[{"id":25678,"href":"https:\/\/blogs.elcomercio.es\/reflexiones-de-belarmino\/wp-json\/wp\/v2\/posts\/25676\/revisions\/25678"}],"wp:attachment":[{"href":"https:\/\/blogs.elcomercio.es\/reflexiones-de-belarmino\/wp-json\/wp\/v2\/media?parent=25676"}],"wp:term":[{"taxonomy":"category","embeddable":true,"href":"https:\/\/blogs.elcomercio.es\/reflexiones-de-belarmino\/wp-json\/wp\/v2\/categories?post=25676"},{"taxonomy":"post_tag","embeddable":true,"href":"https:\/\/blogs.elcomercio.es\/reflexiones-de-belarmino\/wp-json\/wp\/v2\/tags?post=25676"}],"curies":[{"name":"wp","href":"https:\/\/api.w.org\/{rel}","templated":true}]}}