{"id":25679,"date":"2022-09-29T19:34:15","date_gmt":"2022-09-29T17:34:15","guid":{"rendered":"https:\/\/blogs.elcomercio.es\/reflexiones-de-belarmino\/?p=25679"},"modified":"2022-09-29T19:34:15","modified_gmt":"2022-09-29T17:34:15","slug":"el-8-de-noviembre-sera-clave-para-saber-la-posibilidad-o-no-del-enfrentamiento-entre-los-dos-ee-uu","status":"publish","type":"post","link":"https:\/\/blogs.elcomercio.es\/reflexiones-de-belarmino\/2022\/09\/29\/el-8-de-noviembre-sera-clave-para-saber-la-posibilidad-o-no-del-enfrentamiento-entre-los-dos-ee-uu\/","title":{"rendered":"\u00a1\u00a1\u00a1\u00a1\u00a1\u00a1 EL 8 DE NOVIEMBRE SER\u00c1 CLAVE PARA SABER LA POSIBILIDAD O NO DEL ENFRENTAMIENTO ENTRE LOS DOS EE.UU. !!!"},"content":{"rendered":"<p><b>Desde la carta de los grandes\u00a0generales e intelectuales en el New York Times donde AVISABAN DEL PELIGRO DE UN ENFRENTAMIENTO EN LOS EE.UU. SIMILAR A LA GUERRA DE SECESI\u00d3N\u00a0DE 1862-64, hace m\u00e1s de un a\u00f1o y luego entre los an\u00e1lisis\u00a0de los principales analista de aquel pa\u00eds, fuimos\u00a0tomando conciencia de por que aquel miedo y la posibilidad de un GOLPE DE ESTADO\u00a0de los Supremacistas Blancos como el ocurridos en Wilmington\u00a0en 1898.<\/b><\/p>\n<p><b>Parec\u00eda\u00a0no creible, pero no lo dec\u00edan en una charla, sino los grandes generales los Estados Unidos, que consideraban que en 2024, si TRump participase, aunque perdiese no lo iba a reconocer y entonces habr\u00eda un Secretario de la Defensa Constitucional\u00a0y otro nombrado por Trump.<\/b><\/p>\n<p><b>El miedo surg\u00eda del establishment\u00a0norteamericano y la consideraci\u00f3n de una nueva posibilidad\u00a0de un\u00a0 enfrentamiento\u00a0como lo fue la guerra de sucesi\u00f3n, nada menos.<\/b><\/p>\n<p><b>Cuando se inici\u00f3 la intervenci\u00f3n de Rusia en UCrania,surgieron\u00a0las negociaciones\u00a0para que las fronteras estrat\u00e9gicas\u00a0no pod\u00edan quitarselas a Rusia, y empez\u00f3 la provocaci\u00f3n y Rusia respondi\u00f3, y Europa se uni\u00f3\u00a0con EE:UU. y con la Commonwealth., los famosos 50 p\u00e0ises de apoyo , casualmente los mismos que apoyaron a un tal Juan\u00a0 Guaid\u00f3\u00a0para tomar\u00a0la &#8220;ilegal&#8221; Venezuela..El mismo Borrell\u00a0era el m\u00e1s estridente. Al final Guaid\u00f3 mostr\u00f3 ser un pe\u00f3n bien pagado de EE:UU y &#8220;los 50&#8221;, Venezuela sigue adelante y los propios Estados\u00a0Unidos buscan petroleo ahora all\u00ed.<\/b><\/p>\n<p><b>El mismo proceso\u00a0surgi\u00f3 entre Rusia, la UNi\u00f3n Europea, los Estados Unidos con su brazo derecho que fue el Reino Unido. Seis meses, un poderoso ej\u00e9rcito\u00a0ruso de 1,250,000 contra el ej\u00e9rcito\u00a0ucraniano\u00a0de 1,000,000 tras haber movilizaci\u00f3n nacional y las armas de los 50 paises..<\/b><\/p>\n<p><b>Al final el viernes Putin, har\u00e1 el acto oficial tras haber tomado Donetsk, Lugansk, Jerson y Zaporiyia, har\u00e1 el acto oficial y el martes se har\u00e1 oficial en cada una de las ciudades, por parte del Parlamento ruso.<\/b><\/p>\n<p><b>Pero, seguimos pendientes del martes 8 de noviembre, donde los republicanos est\u00e1n arriba en las encuestas, y d\u00f3nde, de su resultado Donald Trump, se lanzar\u00e1 o no. Hasta ahora no ha procedido ning\u00fan juicio penal, pero puede surgir antes del 2024.<\/b><\/p>\n<p><strong>Mientras ello llega, INDIA se ha puesto al frente en el mundo con un crecimiento del 6. 9% en 2022 y 5.7 % en 2023, con inflaci\u00f3n de 4.1 y 3.9, mientras la Eurozona(seg\u00fan la OCDE)\u00a0 crecer\u00e1 3.1 % este a\u00f1o y 0.3 % en 2023, y sus inflaciones son del 8 % y del 6.7 %, el a\u00f1o pr\u00f3ximo.<\/strong><\/p>\n<p><strong>Estados Unidos crecer\u00e1 1.5 y 0.5 y sus inflaciones para ambos a\u00f1os ser\u00e1 de 7.9 y 4.9.<\/strong><\/p>\n<p><strong>China crecer\u00e1 3.2 y 4.7 con inflaciones de 2.2 y de 3.1 para el 2023.<\/strong><\/p>\n<p>&nbsp;<\/p>\n<p>&nbsp;<\/p>\n<!-- AddThis Advanced Settings generic via filter on the_content --><!-- AddThis Share Buttons generic via filter on the_content -->","protected":false},"excerpt":{"rendered":"<p>Desde la carta de los grandes\u00a0generales e intelectuales en el New York Times donde AVISABAN DEL PELIGRO DE UN ENFRENTAMIENTO EN LOS EE.UU. SIMILAR A LA GUERRA DE SECESI\u00d3N\u00a0DE 1862-64, hace m\u00e1s de un a\u00f1o y luego entre los an\u00e1lisis\u00a0de los principales analista de aquel pa\u00eds, fuimos\u00a0tomando conciencia de por que aquel miedo y la [&hellip;]<!-- AddThis Advanced Settings generic via filter on get_the_excerpt --><!-- AddThis Share Buttons generic via filter on get_the_excerpt --><\/p>\n","protected":false},"author":16,"featured_media":0,"comment_status":"open","ping_status":"closed","sticky":false,"template":"","format":"standard","meta":[],"categories":[1],"tags":[],"_links":{"self":[{"href":"https:\/\/blogs.elcomercio.es\/reflexiones-de-belarmino\/wp-json\/wp\/v2\/posts\/25679"}],"collection":[{"href":"https:\/\/blogs.elcomercio.es\/reflexiones-de-belarmino\/wp-json\/wp\/v2\/posts"}],"about":[{"href":"https:\/\/blogs.elcomercio.es\/reflexiones-de-belarmino\/wp-json\/wp\/v2\/types\/post"}],"author":[{"embeddable":true,"href":"https:\/\/blogs.elcomercio.es\/reflexiones-de-belarmino\/wp-json\/wp\/v2\/users\/16"}],"replies":[{"embeddable":true,"href":"https:\/\/blogs.elcomercio.es\/reflexiones-de-belarmino\/wp-json\/wp\/v2\/comments?post=25679"}],"version-history":[{"count":2,"href":"https:\/\/blogs.elcomercio.es\/reflexiones-de-belarmino\/wp-json\/wp\/v2\/posts\/25679\/revisions"}],"predecessor-version":[{"id":25681,"href":"https:\/\/blogs.elcomercio.es\/reflexiones-de-belarmino\/wp-json\/wp\/v2\/posts\/25679\/revisions\/25681"}],"wp:attachment":[{"href":"https:\/\/blogs.elcomercio.es\/reflexiones-de-belarmino\/wp-json\/wp\/v2\/media?parent=25679"}],"wp:term":[{"taxonomy":"category","embeddable":true,"href":"https:\/\/blogs.elcomercio.es\/reflexiones-de-belarmino\/wp-json\/wp\/v2\/categories?post=25679"},{"taxonomy":"post_tag","embeddable":true,"href":"https:\/\/blogs.elcomercio.es\/reflexiones-de-belarmino\/wp-json\/wp\/v2\/tags?post=25679"}],"curies":[{"name":"wp","href":"https:\/\/api.w.org\/{rel}","templated":true}]}}