{"id":25722,"date":"2022-10-02T11:28:01","date_gmt":"2022-10-02T09:28:01","guid":{"rendered":"https:\/\/blogs.elcomercio.es\/reflexiones-de-belarmino\/?p=25722"},"modified":"2022-10-02T11:29:09","modified_gmt":"2022-10-02T09:29:09","slug":"texto-del-asturias-si-yo-pudiera-sobre-hechos-borrados-por-todos-los-gobiernos-y-que-cantan-80-anos-despues-los-jovenes-asturianos","status":"publish","type":"post","link":"https:\/\/blogs.elcomercio.es\/reflexiones-de-belarmino\/2022\/10\/02\/texto-del-asturias-si-yo-pudiera-sobre-hechos-borrados-por-todos-los-gobiernos-y-que-cantan-80-anos-despues-los-jovenes-asturianos\/","title":{"rendered":"\u00a1\u00a1\u00a1TEXTO DEL &#8220;ASTURIAS, SI YO PUDIERA&#8221;, SOBRE HECHOS BORRADOS POR TODOS LOS GOBIERNOS Y QUE CANTAN 80 A\u00d1OS DESPU\u00c9S LOS J\u00d3VENES ASTURIANOS !!!"},"content":{"rendered":"<p><strong><em>ASTURIAS SI YO PUDIERA.<\/em><\/strong><\/p>\n<p>&nbsp;<\/p>\n<p><em><strong>Asturias, si yo pudiera,<\/strong><\/em><\/p>\n<p><em><strong>si yo supiera cantarte<\/strong><\/em><\/p>\n<p><em><strong>Asturias verde de montes<\/strong><\/em><\/p>\n<p><em><strong>y negra de minerales.<\/strong><\/em><\/p>\n<p>&nbsp;<\/p>\n<p><em><strong>Yo soy un hombre del sur<\/strong><\/em><\/p>\n<p><em><strong>polvo,sol,fatiga y hambre<\/strong><\/em><\/p>\n<p><em><strong>hambre de pan y horizontes<\/strong><\/em><\/p>\n<p><em><strong>Hambre.<\/strong><\/em><\/p>\n<p>&nbsp;<\/p>\n<p><em><strong>Bajo la piel resecada<\/strong><\/em><\/p>\n<p><em><strong>r\u00edos s\u00f3lidos de sangre<\/strong><\/em><\/p>\n<p><em><strong>y el coraz\u00f3n\u00a0<\/strong><\/em><b><i>asfixiado<\/i><\/b><\/p>\n<p><em><b>sin venas para alimentarse.<\/b><\/em><\/p>\n<p>&nbsp;<\/p>\n<p><em><strong>Los ojos ciegos, los ojos\u00a0<\/strong><\/em><\/p>\n<p><em><strong>de tanto mirar sin verte<\/strong><\/em><\/p>\n<p><em><strong>Asturias lejana\u00a0<\/strong><\/em><\/p>\n<p><em><strong>hija de mi misma madre.<\/strong><\/em><\/p>\n<p>&nbsp;<\/p>\n<p><em><strong>Dos veces, dos, has tenido<\/strong><\/em><\/p>\n<p><em><strong>ocasi\u00f3n para jugarte<\/strong><\/em><\/p>\n<p><em><strong>la vida en una partida<\/strong><\/em><\/p>\n<p><strong>y en las dos te la jugaste.<\/strong><\/p>\n<p>&nbsp;<\/p>\n<p><b><i>Qui\u00e9n<\/i><\/b><em><strong>\u00a0derribar\u00e1 este \u00e1rbol<\/strong><\/em><\/p>\n<p><em><strong>de Asturias,ya sin sangre<\/strong><\/em><\/p>\n<p><em><strong>desnudo, seco y clavado<\/strong><\/em><\/p>\n<p><em><b>con su ra\u00edz\u00a0entra\u00f1able.<\/b><\/em><\/p>\n<p>&nbsp;<\/p>\n<p><em><strong>que corre por toda Espa\u00f1a<\/strong><\/em><\/p>\n<p><em><strong>crisp\u00e1ndole de coraje<\/strong><\/em><\/p>\n<p><em><strong>Mirad obreros del mundo<\/strong><\/em><\/p>\n<p><em><strong>su silueta recortada.<\/strong><\/em><\/p>\n<p>&nbsp;<\/p>\n<p><em><strong>contra ese cielo imparable<\/strong><\/em><\/p>\n<p><em><strong>vertical, inquebrantable<\/strong><\/em><\/p>\n<p><em><strong>firme sobre roca firme<\/strong><\/em><\/p>\n<p><em><strong>herida viva su carne.<\/strong><\/em><\/p>\n<p>&nbsp;<\/p>\n<p><em><strong>Millones de pu\u00f1os gritan<\/strong><\/em><\/p>\n<p><em><strong>su c\u00f3lera por los aires,<\/strong><\/em><\/p>\n<p><em><strong>millones de corazones<\/strong><\/em><\/p>\n<p><em><b>golpean contra sus c\u00e1rceles.<\/b><\/em><\/p>\n<p>&nbsp;<\/p>\n<p><em><strong>Prepara tu salto \u00faltimo<\/strong><\/em><\/p>\n<p><em><strong>linda\u00a0 vuelve\u00a0<\/strong><\/em><b><i>cobarde<\/i><\/b><\/p>\n<p><em><b>que Asturias est\u00e1 aguardandote<\/b><\/em><\/p>\n<p><em><strong>s\u00f3la, en la mitad de la tierra<\/strong><\/em><\/p>\n<p><em><strong>hijo de la misma madre tierra.<\/strong><\/em><\/p>\n<p><em><strong>(1937)<\/strong><\/em><\/p>\n<p><b>BREVE HISTORIA.- Un poeta extreme\u00f1o llamado PEDRO GARFIAS, visit\u00f3 dos veces Asturias, en la Revoluci\u00f3n de 1934, donde los asturianos fueron los \u00fanicos en Espa\u00f1a que se levantaron en armas contra el Estado Nacional, fuertemente\u00a0reprimido por 30,000 hombres enviados por Franco y en 1937 en la Asturias Soberana.<\/b><\/p>\n<p><b>Exiliado en M\u00e9xico, llega a Culiac\u00e1n, Sinaloa donde vive y en sus viajes a la capital, com\u00eda en el Restaurante El Horreo, uno de cuyos socios era Urcesino, al hijo mayor de Belarmino Tom\u00e1s.Ese poema, se lo regala al hijo de aquel minero, hasta que un d\u00eda llegan Victor Manuel y Ana Bel\u00e9n, y les dimos una comida en El Horreo.Luis Roca de Albornoz lo ley\u00f3 ante la pareja, y Victor con esa gran sensibilidad, le dijo a Urcesino, testigo este autor, si pod\u00eda ponerle m\u00fasica, y Urcesino no s\u00f3lo accedi\u00f3\u00a0si no se lo regal\u00f3.<\/b><\/p>\n<p><b>De esa forma surgi\u00f3 ASTURIAS, SI YO PUDIERA.(Texto de PEDRO GARFIAS Y M\u00daSICA\u00a0DE VICTOR MANUEL )<\/b><\/p>\n<p><b>Pedro Garfias\u00a0que yace en Monterrey , Nuevo Le\u00f3n, se conmover\u00eda, cuando en Asturias todos los\u00a0gobiernos del Principado, TODOS, han borrado aquellos hechos de 1934, 1936 y 1937, sin darse cuenta\u00a0 de que en 2022, los j\u00f3venes asturianos en todas sus fiestas, cierran no con el Asturias Patria querida, sino con ASTURIAS, SI YO PUDIERA.<\/b><\/p>\n<p>&nbsp;<\/p>\n<p>&nbsp;<\/p>\n<p>&nbsp;<\/p>\n<p>&nbsp;<\/p>\n<p>&nbsp;<\/p>\n<p>&nbsp;<\/p>\n<p>&nbsp;<\/p>\n<!-- AddThis Advanced Settings generic via filter on the_content --><!-- AddThis Share Buttons generic via filter on the_content -->","protected":false},"excerpt":{"rendered":"<p>ASTURIAS SI YO PUDIERA. &nbsp; Asturias, si yo pudiera, si yo supiera cantarte Asturias verde de montes y negra de minerales. &nbsp; Yo soy un hombre del sur polvo,sol,fatiga y hambre hambre de pan y horizontes Hambre. &nbsp; Bajo la piel resecada r\u00edos s\u00f3lidos de sangre y el coraz\u00f3n\u00a0asfixiado sin venas para alimentarse. &nbsp; Los [&hellip;]<!-- AddThis Advanced Settings generic via filter on get_the_excerpt --><!-- AddThis Share Buttons generic via filter on get_the_excerpt --><\/p>\n","protected":false},"author":16,"featured_media":0,"comment_status":"open","ping_status":"closed","sticky":false,"template":"","format":"standard","meta":[],"categories":[1],"tags":[],"_links":{"self":[{"href":"https:\/\/blogs.elcomercio.es\/reflexiones-de-belarmino\/wp-json\/wp\/v2\/posts\/25722"}],"collection":[{"href":"https:\/\/blogs.elcomercio.es\/reflexiones-de-belarmino\/wp-json\/wp\/v2\/posts"}],"about":[{"href":"https:\/\/blogs.elcomercio.es\/reflexiones-de-belarmino\/wp-json\/wp\/v2\/types\/post"}],"author":[{"embeddable":true,"href":"https:\/\/blogs.elcomercio.es\/reflexiones-de-belarmino\/wp-json\/wp\/v2\/users\/16"}],"replies":[{"embeddable":true,"href":"https:\/\/blogs.elcomercio.es\/reflexiones-de-belarmino\/wp-json\/wp\/v2\/comments?post=25722"}],"version-history":[{"count":5,"href":"https:\/\/blogs.elcomercio.es\/reflexiones-de-belarmino\/wp-json\/wp\/v2\/posts\/25722\/revisions"}],"predecessor-version":[{"id":25727,"href":"https:\/\/blogs.elcomercio.es\/reflexiones-de-belarmino\/wp-json\/wp\/v2\/posts\/25722\/revisions\/25727"}],"wp:attachment":[{"href":"https:\/\/blogs.elcomercio.es\/reflexiones-de-belarmino\/wp-json\/wp\/v2\/media?parent=25722"}],"wp:term":[{"taxonomy":"category","embeddable":true,"href":"https:\/\/blogs.elcomercio.es\/reflexiones-de-belarmino\/wp-json\/wp\/v2\/categories?post=25722"},{"taxonomy":"post_tag","embeddable":true,"href":"https:\/\/blogs.elcomercio.es\/reflexiones-de-belarmino\/wp-json\/wp\/v2\/tags?post=25722"}],"curies":[{"name":"wp","href":"https:\/\/api.w.org\/{rel}","templated":true}]}}