{"id":25730,"date":"2022-10-02T12:09:50","date_gmt":"2022-10-02T10:09:50","guid":{"rendered":"https:\/\/blogs.elcomercio.es\/reflexiones-de-belarmino\/?p=25730"},"modified":"2022-10-02T12:10:14","modified_gmt":"2022-10-02T10:10:14","slug":"puerto-salina-cruz-24-metros-profundidad-uno-de-los-mas-grandes-listo-para-2023","status":"publish","type":"post","link":"https:\/\/blogs.elcomercio.es\/reflexiones-de-belarmino\/2022\/10\/02\/puerto-salina-cruz-24-metros-profundidad-uno-de-los-mas-grandes-listo-para-2023\/","title":{"rendered":"\u00a1\u00a1\u00a1\u00a1PUERTO SALINA CRUZ, 24 METROS PROFUNDIDAD, UNO DE LOS MAS GRANDES, LISTO PARA 2023 !!!"},"content":{"rendered":"<p><b>Ayer el presidente L\u00f3pez Obrador visit\u00f3 Oaxaca, con el gobernador Murat. Tras 24 a\u00f1os inacabada, la carretera entre aquella ciudad zapotecay\u00a0mixteca, y la capital del\u00a0 pais, permitir\u00e1 que en lugar de 6 horas hoy, se llegue en dos horas y media.<\/b><\/p>\n<p><b>Tras revisar las obras que incluyen puentes muy fuertes, visit\u00f3 El Puerto de Salina Cruz Oaxaca, que con su modernizaci\u00f3n y sus 24 metros de profundidad, ser\u00e1 uno de los m\u00e1s importantes\u00a0del mundo.Desde ah\u00ed, donde se construye\u00a0la planta coquificadora para manejar el combustible\u00a0m\u00e1s barata y menos contaminante, el pa\u00eds podr\u00e1 recibir barcos con capacidad\u00a0 de 24,000 contenedores y barcos petroleros p\u00e0ra transportar combustoleo, y exportara a Oriente.<\/b><\/p>\n<p><b>Une a trav\u00e9s del Corredor Trans\u00edstmico\u00a0, Salina Cruz con Coatzacoalcos, Veracruz, que unir\u00e1 por ferrocarril cruzar del Pac\u00edfico\u00a0al Atl\u00e1ntico\u00a0en 6 horas, la mitad del canal de Panam\u00e1.<\/b><\/p>\n<p><strong>Con 69 a\u00f1os, enfermo del coraz\u00f3n, un infarto, hipertenso, con problemas de tiroides y gota, pero sigue d\u00eda a d\u00eda, hasta que el cuerpo aguante.<\/strong><\/p>\n<p><strong>L\u00f3pez Obrador ha dedicado toda su vida por luchar por su pa\u00eds.30 a\u00f1os de luchador social por todo el pa\u00eds y ahora 4 de los 6 a\u00f1os, a todo su capacidad.<\/strong><\/p>\n<p><strong>Pero habr\u00e1 entregado toda su vida y energ\u00eda y habr\u00e1 sacado adelante un proyecto hist\u00f3rico que continuar\u00e1n otras generaciones.<\/strong><\/p>\n<p><strong>Su \u00fanica ambici\u00f3n, servir, es su fuente de vida hasta que el cuerpo aguante.<\/strong><\/p>\n<p><b>Ayer s\u00e1bado\u00a0recorr\u00eda Oaxaca, y supervisaba las obras.<\/b><\/p>\n<p><strong>Como Jos\u00e9 M\u00fajica en Uruguay, Andr\u00e9s Manuel L\u00f3pez Obrador, ha mostrado como la politica es para servir a los demas y no servirse de ella.<\/strong><\/p>\n<!-- AddThis Advanced Settings generic via filter on the_content --><!-- AddThis Share Buttons generic via filter on the_content -->","protected":false},"excerpt":{"rendered":"<p>Ayer el presidente L\u00f3pez Obrador visit\u00f3 Oaxaca, con el gobernador Murat. Tras 24 a\u00f1os inacabada, la carretera entre aquella ciudad zapotecay\u00a0mixteca, y la capital del\u00a0 pais, permitir\u00e1 que en lugar de 6 horas hoy, se llegue en dos horas y media. Tras revisar las obras que incluyen puentes muy fuertes, visit\u00f3 El Puerto de Salina [&hellip;]<!-- AddThis Advanced Settings generic via filter on get_the_excerpt --><!-- AddThis Share Buttons generic via filter on get_the_excerpt --><\/p>\n","protected":false},"author":16,"featured_media":0,"comment_status":"open","ping_status":"closed","sticky":false,"template":"","format":"standard","meta":[],"categories":[1],"tags":[],"_links":{"self":[{"href":"https:\/\/blogs.elcomercio.es\/reflexiones-de-belarmino\/wp-json\/wp\/v2\/posts\/25730"}],"collection":[{"href":"https:\/\/blogs.elcomercio.es\/reflexiones-de-belarmino\/wp-json\/wp\/v2\/posts"}],"about":[{"href":"https:\/\/blogs.elcomercio.es\/reflexiones-de-belarmino\/wp-json\/wp\/v2\/types\/post"}],"author":[{"embeddable":true,"href":"https:\/\/blogs.elcomercio.es\/reflexiones-de-belarmino\/wp-json\/wp\/v2\/users\/16"}],"replies":[{"embeddable":true,"href":"https:\/\/blogs.elcomercio.es\/reflexiones-de-belarmino\/wp-json\/wp\/v2\/comments?post=25730"}],"version-history":[{"count":1,"href":"https:\/\/blogs.elcomercio.es\/reflexiones-de-belarmino\/wp-json\/wp\/v2\/posts\/25730\/revisions"}],"predecessor-version":[{"id":25731,"href":"https:\/\/blogs.elcomercio.es\/reflexiones-de-belarmino\/wp-json\/wp\/v2\/posts\/25730\/revisions\/25731"}],"wp:attachment":[{"href":"https:\/\/blogs.elcomercio.es\/reflexiones-de-belarmino\/wp-json\/wp\/v2\/media?parent=25730"}],"wp:term":[{"taxonomy":"category","embeddable":true,"href":"https:\/\/blogs.elcomercio.es\/reflexiones-de-belarmino\/wp-json\/wp\/v2\/categories?post=25730"},{"taxonomy":"post_tag","embeddable":true,"href":"https:\/\/blogs.elcomercio.es\/reflexiones-de-belarmino\/wp-json\/wp\/v2\/tags?post=25730"}],"curies":[{"name":"wp","href":"https:\/\/api.w.org\/{rel}","templated":true}]}}