{"id":25732,"date":"2022-10-02T12:25:08","date_gmt":"2022-10-02T10:25:08","guid":{"rendered":"https:\/\/blogs.elcomercio.es\/reflexiones-de-belarmino\/?p=25732"},"modified":"2022-10-02T12:25:08","modified_gmt":"2022-10-02T10:25:08","slug":"la-gente-esta-harta-dice-una-manifestante-en-londres-donde-el-pueblo-se-lanza-a-las-calles","status":"publish","type":"post","link":"https:\/\/blogs.elcomercio.es\/reflexiones-de-belarmino\/2022\/10\/02\/la-gente-esta-harta-dice-una-manifestante-en-londres-donde-el-pueblo-se-lanza-a-las-calles\/","title":{"rendered":"\u00a1\u00a1\u00a1\u00a1&#8221; LA GENTE ESTA HARTA&#8221; DICE UNA MANIFESTANTE EN LONDRES DONDE EL PUEBLO SE LANZA A LAS CALLES !!!"},"content":{"rendered":"<p><b>No han pasado dos semanas del funeral de\u00a0 Isabel\u00a0II, y la realidad del otrora poderoso Imperio Brit\u00e1nico saca a la luz su aut\u00e9ntica\u00a0realidad.La frase de una manifestante de 29 a\u00f1os ayer en Londres, reflejaba la realidad: &#8221; La gente est\u00e1\u00a0harta&#8221; y el pueblo brit\u00e1nico se lanzan a las calles al final de la primera semana de Liz Truss,y su rebaja de impuestos por 30,000 millones de libras, que ha creado un caos en los mercados, la inflaci\u00f3n al m\u00e1ximo, la libra casi a la par del d\u00f3lar,como nunca, que ha necesitado la intervenci\u00f3n del Banco de Inglaterra<\/b><\/p>\n<p><b>Se espera que el Reino Unido entre en recesi\u00f3n\u00a0 en 2023, la crisis social ser\u00e1 una de las mayores de Europa, y los paises como Canada, Australia, que ten\u00eda a Isabel II como Jefa de Estado, se independizar\u00e1n, como lo har\u00e1 posiblemente Escocia.<\/b><\/p>\n<p><strong>Malos tiempos esperan al final del otrora m\u00e1s poderoso imperio del mundo.<\/strong><\/p>\n<p>&nbsp;<\/p>\n<!-- AddThis Advanced Settings generic via filter on the_content --><!-- AddThis Share Buttons generic via filter on the_content -->","protected":false},"excerpt":{"rendered":"<p>No han pasado dos semanas del funeral de\u00a0 Isabel\u00a0II, y la realidad del otrora poderoso Imperio Brit\u00e1nico saca a la luz su aut\u00e9ntica\u00a0realidad.La frase de una manifestante de 29 a\u00f1os ayer en Londres, reflejaba la realidad: &#8221; La gente est\u00e1\u00a0harta&#8221; y el pueblo brit\u00e1nico se lanzan a las calles al final de la primera semana [&hellip;]<!-- AddThis Advanced Settings generic via filter on get_the_excerpt --><!-- AddThis Share Buttons generic via filter on get_the_excerpt --><\/p>\n","protected":false},"author":16,"featured_media":0,"comment_status":"open","ping_status":"closed","sticky":false,"template":"","format":"standard","meta":[],"categories":[1],"tags":[],"_links":{"self":[{"href":"https:\/\/blogs.elcomercio.es\/reflexiones-de-belarmino\/wp-json\/wp\/v2\/posts\/25732"}],"collection":[{"href":"https:\/\/blogs.elcomercio.es\/reflexiones-de-belarmino\/wp-json\/wp\/v2\/posts"}],"about":[{"href":"https:\/\/blogs.elcomercio.es\/reflexiones-de-belarmino\/wp-json\/wp\/v2\/types\/post"}],"author":[{"embeddable":true,"href":"https:\/\/blogs.elcomercio.es\/reflexiones-de-belarmino\/wp-json\/wp\/v2\/users\/16"}],"replies":[{"embeddable":true,"href":"https:\/\/blogs.elcomercio.es\/reflexiones-de-belarmino\/wp-json\/wp\/v2\/comments?post=25732"}],"version-history":[{"count":1,"href":"https:\/\/blogs.elcomercio.es\/reflexiones-de-belarmino\/wp-json\/wp\/v2\/posts\/25732\/revisions"}],"predecessor-version":[{"id":25733,"href":"https:\/\/blogs.elcomercio.es\/reflexiones-de-belarmino\/wp-json\/wp\/v2\/posts\/25732\/revisions\/25733"}],"wp:attachment":[{"href":"https:\/\/blogs.elcomercio.es\/reflexiones-de-belarmino\/wp-json\/wp\/v2\/media?parent=25732"}],"wp:term":[{"taxonomy":"category","embeddable":true,"href":"https:\/\/blogs.elcomercio.es\/reflexiones-de-belarmino\/wp-json\/wp\/v2\/categories?post=25732"},{"taxonomy":"post_tag","embeddable":true,"href":"https:\/\/blogs.elcomercio.es\/reflexiones-de-belarmino\/wp-json\/wp\/v2\/tags?post=25732"}],"curies":[{"name":"wp","href":"https:\/\/api.w.org\/{rel}","templated":true}]}}