{"id":25761,"date":"2022-10-03T09:28:34","date_gmt":"2022-10-03T07:28:34","guid":{"rendered":"https:\/\/blogs.elcomercio.es\/reflexiones-de-belarmino\/?p=25761"},"modified":"2022-10-03T09:28:34","modified_gmt":"2022-10-03T07:28:34","slug":"la-opep-plus-el-miercoles-acordara-reducir-1-millon-de-barriles-diarios-afecta-a-las-bolsas-sube-el-petroleo-y-subiran-los-intereses","status":"publish","type":"post","link":"https:\/\/blogs.elcomercio.es\/reflexiones-de-belarmino\/2022\/10\/03\/la-opep-plus-el-miercoles-acordara-reducir-1-millon-de-barriles-diarios-afecta-a-las-bolsas-sube-el-petroleo-y-subiran-los-intereses\/","title":{"rendered":"\u00a1\u00a1\u00a1\u00a1LA OPEP PLUS, EL MIERCOLES ACORDAR\u00c1 REDUCIR 1 MILLON DE BARRILES DIARIOS. AFECTA A LAS BOLSAS, SUBE EL PETR\u00d3LEO Y SUBIR\u00c1N LOS INTERESES !!!"},"content":{"rendered":"<p><b>Hoy las bolsas asi\u00e1ticas\u00a0amanecieron\u00a0todas a las bajas, que contagiar\u00e1n\u00a0a Europa y luego a los Estados UNidos, todo debido a que el mi\u00e9rcoles\u00a0se re\u00fane\u00a0la OPEP PLUS( la OPEP, con Rusia y otros paises) y se estima que va a haber un recorte\u00a0de un mill\u00f3n de barriles diarios. <\/b><\/p>\n<p><b>Ello encarecer\u00eda el petroleo, hoy ya a 83.30, y subir\u00e1n\u00a0los\u00a0tipos en EE:UU: y en Europa.<\/b><\/p>\n<p><b>El Ibex est\u00e1 a 7,326 puntos.<\/b><\/p>\n<p><b>Hay preocupaci\u00f3n mundial por la situaci\u00f3n\u00a0del Credit Suisse.<\/b><\/p>\n<p>&nbsp;<\/p>\n<!-- AddThis Advanced Settings generic via filter on the_content --><!-- AddThis Share Buttons generic via filter on the_content -->","protected":false},"excerpt":{"rendered":"<p>Hoy las bolsas asi\u00e1ticas\u00a0amanecieron\u00a0todas a las bajas, que contagiar\u00e1n\u00a0a Europa y luego a los Estados UNidos, todo debido a que el mi\u00e9rcoles\u00a0se re\u00fane\u00a0la OPEP PLUS( la OPEP, con Rusia y otros paises) y se estima que va a haber un recorte\u00a0de un mill\u00f3n de barriles diarios. Ello encarecer\u00eda el petroleo, hoy ya a 83.30, y [&hellip;]<!-- AddThis Advanced Settings generic via filter on get_the_excerpt --><!-- AddThis Share Buttons generic via filter on get_the_excerpt --><\/p>\n","protected":false},"author":16,"featured_media":0,"comment_status":"open","ping_status":"closed","sticky":false,"template":"","format":"standard","meta":[],"categories":[1],"tags":[],"_links":{"self":[{"href":"https:\/\/blogs.elcomercio.es\/reflexiones-de-belarmino\/wp-json\/wp\/v2\/posts\/25761"}],"collection":[{"href":"https:\/\/blogs.elcomercio.es\/reflexiones-de-belarmino\/wp-json\/wp\/v2\/posts"}],"about":[{"href":"https:\/\/blogs.elcomercio.es\/reflexiones-de-belarmino\/wp-json\/wp\/v2\/types\/post"}],"author":[{"embeddable":true,"href":"https:\/\/blogs.elcomercio.es\/reflexiones-de-belarmino\/wp-json\/wp\/v2\/users\/16"}],"replies":[{"embeddable":true,"href":"https:\/\/blogs.elcomercio.es\/reflexiones-de-belarmino\/wp-json\/wp\/v2\/comments?post=25761"}],"version-history":[{"count":1,"href":"https:\/\/blogs.elcomercio.es\/reflexiones-de-belarmino\/wp-json\/wp\/v2\/posts\/25761\/revisions"}],"predecessor-version":[{"id":25762,"href":"https:\/\/blogs.elcomercio.es\/reflexiones-de-belarmino\/wp-json\/wp\/v2\/posts\/25761\/revisions\/25762"}],"wp:attachment":[{"href":"https:\/\/blogs.elcomercio.es\/reflexiones-de-belarmino\/wp-json\/wp\/v2\/media?parent=25761"}],"wp:term":[{"taxonomy":"category","embeddable":true,"href":"https:\/\/blogs.elcomercio.es\/reflexiones-de-belarmino\/wp-json\/wp\/v2\/categories?post=25761"},{"taxonomy":"post_tag","embeddable":true,"href":"https:\/\/blogs.elcomercio.es\/reflexiones-de-belarmino\/wp-json\/wp\/v2\/tags?post=25761"}],"curies":[{"name":"wp","href":"https:\/\/api.w.org\/{rel}","templated":true}]}}