{"id":25763,"date":"2022-10-03T10:52:25","date_gmt":"2022-10-03T08:52:25","guid":{"rendered":"https:\/\/blogs.elcomercio.es\/reflexiones-de-belarmino\/?p=25763"},"modified":"2022-10-03T10:52:25","modified_gmt":"2022-10-03T08:52:25","slug":"salina-cruzcon-24-metros-de-profundidad-el-mas-profundo-de-america-latina-que-permitira-cruzar-en-6-horas-del-pacifico-al-atlantico","status":"publish","type":"post","link":"https:\/\/blogs.elcomercio.es\/reflexiones-de-belarmino\/2022\/10\/03\/salina-cruzcon-24-metros-de-profundidad-el-mas-profundo-de-america-latina-que-permitira-cruzar-en-6-horas-del-pacifico-al-atlantico\/","title":{"rendered":"\u00a1\u00a1\u00a1\u00a1\u00a1SALINA CRUZ,CON 24 METROS DE PROFUNDIDAD, EL M\u00c1S PROFUNDO DE AM\u00c9RICA LATINA QUE PERMITIR\u00c1 CRUZAR EN 6 HORAS  DEL PAC\u00cdFICO AL ATL\u00c1NTICO !!!"},"content":{"rendered":"<p><b>Hace un siglo y medio, los norteamericanos\u00a0hab\u00edan construido las bases de este puerto de Oaxaca, para en lugar del Canal de Panam\u00e1,\u00a0 se partiese M\u00e9xico y hacer en el Istmo\u00a0la misma obra.La raz\u00f3n: el \u00fanico en Am\u00e9rica Latina con una profundidad de 24 metros, la mayor.El gobierno no quiso\u00a0para no perder la soberan\u00eda, y as\u00ed surgi\u00f3 el Canal de Panam\u00e1, m\u00e1s complejo, que durante decenas de a\u00f1os hizo perder la soberan\u00eda\u00a0al pais hasta que lleg\u00f3 Torrijos y lo negocio.<\/b><\/p>\n<p><b>Pasaron siglo y medio o m\u00e1s, cuando la Cuarta Transformaci\u00f3n, retoma aquel proyecto, y se lanza a reconstruirlo, hacer lo\u00a0 mismo en el Golfo en Coatzacoalcos, hacer la v\u00eda\u00a0f\u00e9rrea\u00a0que cruza\u00a0de Oceano a Oceano, levantar un corredor trans\u00edstmico, con la soberan\u00eda\u00a0del pa\u00eds en sus 10 pol\u00edgonos\u00a0industriales con gasolina y electricidad.<\/b><\/p>\n<p><b>Gracias a la profundidad del\u00a0puerto de Salina Cruz, podr\u00e1n arribar all\u00ed barcos con 24,000 contenedores o barcos petroleros capaces de trasladar todo el petroleo (1,800,000 barriles diarios) de M\u00e9xico en uno s\u00f3lo.Con gas y electricidad en todo el proyecto, pueden exportar las empresas norteamericanas lo que deseen por todo el este de Estados Unido, a trav\u00e9s de Coatzacoalcos, y de Salina Cruz hasta Oriente.<\/b><\/p>\n<p><strong>M\u00e1s de 150 a\u00f1os, y a nadie se le ocurri\u00f3, pero a M\u00e9xico y su nuevo Proyecto de Naci\u00f3n, lo terminar\u00e1 todo en 2023.<\/strong><\/p>\n<p><b>La empresa que coordinar\u00e1\u00a0todo este proceso y garantizar\u00e1\u00a0que nadie pueda privatizarlo, ha quedado en manos\u00a0de la Marina\u00a0mexicana, para su protecci\u00f3n.<\/b><\/p>\n<p>&nbsp;<\/p>\n<!-- AddThis Advanced Settings generic via filter on the_content --><!-- AddThis Share Buttons generic via filter on the_content -->","protected":false},"excerpt":{"rendered":"<p>Hace un siglo y medio, los norteamericanos\u00a0hab\u00edan construido las bases de este puerto de Oaxaca, para en lugar del Canal de Panam\u00e1,\u00a0 se partiese M\u00e9xico y hacer en el Istmo\u00a0la misma obra.La raz\u00f3n: el \u00fanico en Am\u00e9rica Latina con una profundidad de 24 metros, la mayor.El gobierno no quiso\u00a0para no perder la soberan\u00eda, y as\u00ed [&hellip;]<!-- AddThis Advanced Settings generic via filter on get_the_excerpt --><!-- AddThis Share Buttons generic via filter on get_the_excerpt --><\/p>\n","protected":false},"author":16,"featured_media":0,"comment_status":"open","ping_status":"closed","sticky":false,"template":"","format":"standard","meta":[],"categories":[1],"tags":[],"_links":{"self":[{"href":"https:\/\/blogs.elcomercio.es\/reflexiones-de-belarmino\/wp-json\/wp\/v2\/posts\/25763"}],"collection":[{"href":"https:\/\/blogs.elcomercio.es\/reflexiones-de-belarmino\/wp-json\/wp\/v2\/posts"}],"about":[{"href":"https:\/\/blogs.elcomercio.es\/reflexiones-de-belarmino\/wp-json\/wp\/v2\/types\/post"}],"author":[{"embeddable":true,"href":"https:\/\/blogs.elcomercio.es\/reflexiones-de-belarmino\/wp-json\/wp\/v2\/users\/16"}],"replies":[{"embeddable":true,"href":"https:\/\/blogs.elcomercio.es\/reflexiones-de-belarmino\/wp-json\/wp\/v2\/comments?post=25763"}],"version-history":[{"count":3,"href":"https:\/\/blogs.elcomercio.es\/reflexiones-de-belarmino\/wp-json\/wp\/v2\/posts\/25763\/revisions"}],"predecessor-version":[{"id":25766,"href":"https:\/\/blogs.elcomercio.es\/reflexiones-de-belarmino\/wp-json\/wp\/v2\/posts\/25763\/revisions\/25766"}],"wp:attachment":[{"href":"https:\/\/blogs.elcomercio.es\/reflexiones-de-belarmino\/wp-json\/wp\/v2\/media?parent=25763"}],"wp:term":[{"taxonomy":"category","embeddable":true,"href":"https:\/\/blogs.elcomercio.es\/reflexiones-de-belarmino\/wp-json\/wp\/v2\/categories?post=25763"},{"taxonomy":"post_tag","embeddable":true,"href":"https:\/\/blogs.elcomercio.es\/reflexiones-de-belarmino\/wp-json\/wp\/v2\/tags?post=25763"}],"curies":[{"name":"wp","href":"https:\/\/api.w.org\/{rel}","templated":true}]}}