{"id":25767,"date":"2022-10-03T11:05:10","date_gmt":"2022-10-03T09:05:10","guid":{"rendered":"https:\/\/blogs.elcomercio.es\/reflexiones-de-belarmino\/?p=25767"},"modified":"2022-10-03T11:05:10","modified_gmt":"2022-10-03T09:05:10","slug":"ministros-de-economia-y-finanzas-de-zona-euro-se-reunen-para-buscar-salida-a-una-inflacion-del-10-preocupacion-por-el-invierno","status":"publish","type":"post","link":"https:\/\/blogs.elcomercio.es\/reflexiones-de-belarmino\/2022\/10\/03\/ministros-de-economia-y-finanzas-de-zona-euro-se-reunen-para-buscar-salida-a-una-inflacion-del-10-preocupacion-por-el-invierno\/","title":{"rendered":"\u00a1\u00a1\u00a1\u00a1MINISTROS DE ECONOMIA Y FINANZAS DE ZONA EURO SE REUNEN PARA BUSCAR SALIDA A UNA INFLACI\u00d3N DEL 10 %.PREOCUPACI\u00d3N POR EL INVIERNO !!!"},"content":{"rendered":"<p><b>Esta ma\u00f1ana se re\u00fanen\u00a0los ministros de Econom\u00eda\u00a0y Finanzas de la Eurozona, para ver c\u00f3mo\u00a0enfrentar la inflaci\u00f3n del 10 % que ya se ha alcanzado, preocupados por que de no resolver el problema energ\u00e9tico, el invierno va a ser duro. Los conflictos sociales del Reino Unido, un ejemplo de lo que se puede producir en toda Europa, caldo de cultivo de los partidos de ultraderecha.<\/b><\/p>\n<!-- AddThis Advanced Settings generic via filter on the_content --><!-- AddThis Share Buttons generic via filter on the_content -->","protected":false},"excerpt":{"rendered":"<p>Esta ma\u00f1ana se re\u00fanen\u00a0los ministros de Econom\u00eda\u00a0y Finanzas de la Eurozona, para ver c\u00f3mo\u00a0enfrentar la inflaci\u00f3n del 10 % que ya se ha alcanzado, preocupados por que de no resolver el problema energ\u00e9tico, el invierno va a ser duro. Los conflictos sociales del Reino Unido, un ejemplo de lo que se puede producir en toda [&hellip;]<!-- AddThis Advanced Settings generic via filter on get_the_excerpt --><!-- AddThis Share Buttons generic via filter on get_the_excerpt --><\/p>\n","protected":false},"author":16,"featured_media":0,"comment_status":"open","ping_status":"closed","sticky":false,"template":"","format":"standard","meta":[],"categories":[1],"tags":[],"_links":{"self":[{"href":"https:\/\/blogs.elcomercio.es\/reflexiones-de-belarmino\/wp-json\/wp\/v2\/posts\/25767"}],"collection":[{"href":"https:\/\/blogs.elcomercio.es\/reflexiones-de-belarmino\/wp-json\/wp\/v2\/posts"}],"about":[{"href":"https:\/\/blogs.elcomercio.es\/reflexiones-de-belarmino\/wp-json\/wp\/v2\/types\/post"}],"author":[{"embeddable":true,"href":"https:\/\/blogs.elcomercio.es\/reflexiones-de-belarmino\/wp-json\/wp\/v2\/users\/16"}],"replies":[{"embeddable":true,"href":"https:\/\/blogs.elcomercio.es\/reflexiones-de-belarmino\/wp-json\/wp\/v2\/comments?post=25767"}],"version-history":[{"count":2,"href":"https:\/\/blogs.elcomercio.es\/reflexiones-de-belarmino\/wp-json\/wp\/v2\/posts\/25767\/revisions"}],"predecessor-version":[{"id":25769,"href":"https:\/\/blogs.elcomercio.es\/reflexiones-de-belarmino\/wp-json\/wp\/v2\/posts\/25767\/revisions\/25769"}],"wp:attachment":[{"href":"https:\/\/blogs.elcomercio.es\/reflexiones-de-belarmino\/wp-json\/wp\/v2\/media?parent=25767"}],"wp:term":[{"taxonomy":"category","embeddable":true,"href":"https:\/\/blogs.elcomercio.es\/reflexiones-de-belarmino\/wp-json\/wp\/v2\/categories?post=25767"},{"taxonomy":"post_tag","embeddable":true,"href":"https:\/\/blogs.elcomercio.es\/reflexiones-de-belarmino\/wp-json\/wp\/v2\/tags?post=25767"}],"curies":[{"name":"wp","href":"https:\/\/api.w.org\/{rel}","templated":true}]}}