{"id":25770,"date":"2022-10-03T11:15:41","date_gmt":"2022-10-03T09:15:41","guid":{"rendered":"https:\/\/blogs.elcomercio.es\/reflexiones-de-belarmino\/?p=25770"},"modified":"2022-10-03T11:15:41","modified_gmt":"2022-10-03T09:15:41","slug":"como-se-fraguo-la-espanola-que-impulsa-la-extrema-derecha-en-mexico","status":"publish","type":"post","link":"https:\/\/blogs.elcomercio.es\/reflexiones-de-belarmino\/2022\/10\/03\/como-se-fraguo-la-espanola-que-impulsa-la-extrema-derecha-en-mexico\/","title":{"rendered":"\u00a1\u00a1\u00a1\u00a1\u00a1C\u00d3MO SE FRAGU\u00d3 LA ESPA\u00d1OLA QUE IMPULSA LA EXTREMA DERECHA EN M\u00c9XICO !!!"},"content":{"rendered":"<p><b>Hace un mes, sorpresivamente una descendiente\u00a0del Conde de Gri\u00f1\u00f3n, e hija de Isabel Preysler, sorprendi\u00f3 al anunciar en una cadena del\u00a0coraz\u00f3n &#8220;su gran amor y su pr\u00f3xima boda&#8221; con un gal\u00e1n\u00a0de medio pelo.<\/b><\/p>\n<p><b>Sorprendi\u00f3, pero era el inicio de la operaci\u00f3n. Sorpresivamente aparecen videos del &#8220;gal\u00e1n&#8221; enredado con otras mujeres, gracias al 100,000 d\u00f3lares que la madre meti\u00f3- La sociedad conmovida. Las &#8220;grandes de Espa\u00f1a&#8221; se moviliza, y cuando est\u00e1 en auge la operaci\u00f3n, la marquesa VI de Gri\u00f1\u00f3n, aparece y dice: &#8220;Fue una se\u00f1al de Dios&#8221;, por ello no me caso. Y hasta aqu\u00ed.<\/b><\/p>\n<p><b>Ayer aparece ante 1,000 personas en M\u00e9xico la gran lideresa de la ultraderecha espa\u00f1ola, Tamara Falc\u00f3,la defensora de las mujeres, su confianza y su fe en Dios.<\/b><\/p>\n<p><b>As\u00ed\u00a0forja la derecha, jugando en la telebasura con los espa\u00f1oles, sus \u00eddolos.<\/b><\/p>\n<p>&nbsp;<\/p>\n<!-- AddThis Advanced Settings generic via filter on the_content --><!-- AddThis Share Buttons generic via filter on the_content -->","protected":false},"excerpt":{"rendered":"<p>Hace un mes, sorpresivamente una descendiente\u00a0del Conde de Gri\u00f1\u00f3n, e hija de Isabel Preysler, sorprendi\u00f3 al anunciar en una cadena del\u00a0coraz\u00f3n &#8220;su gran amor y su pr\u00f3xima boda&#8221; con un gal\u00e1n\u00a0de medio pelo. Sorprendi\u00f3, pero era el inicio de la operaci\u00f3n. Sorpresivamente aparecen videos del &#8220;gal\u00e1n&#8221; enredado con otras mujeres, gracias al 100,000 d\u00f3lares que [&hellip;]<!-- AddThis Advanced Settings generic via filter on get_the_excerpt --><!-- AddThis Share Buttons generic via filter on get_the_excerpt --><\/p>\n","protected":false},"author":16,"featured_media":0,"comment_status":"open","ping_status":"closed","sticky":false,"template":"","format":"standard","meta":[],"categories":[1],"tags":[],"_links":{"self":[{"href":"https:\/\/blogs.elcomercio.es\/reflexiones-de-belarmino\/wp-json\/wp\/v2\/posts\/25770"}],"collection":[{"href":"https:\/\/blogs.elcomercio.es\/reflexiones-de-belarmino\/wp-json\/wp\/v2\/posts"}],"about":[{"href":"https:\/\/blogs.elcomercio.es\/reflexiones-de-belarmino\/wp-json\/wp\/v2\/types\/post"}],"author":[{"embeddable":true,"href":"https:\/\/blogs.elcomercio.es\/reflexiones-de-belarmino\/wp-json\/wp\/v2\/users\/16"}],"replies":[{"embeddable":true,"href":"https:\/\/blogs.elcomercio.es\/reflexiones-de-belarmino\/wp-json\/wp\/v2\/comments?post=25770"}],"version-history":[{"count":1,"href":"https:\/\/blogs.elcomercio.es\/reflexiones-de-belarmino\/wp-json\/wp\/v2\/posts\/25770\/revisions"}],"predecessor-version":[{"id":25771,"href":"https:\/\/blogs.elcomercio.es\/reflexiones-de-belarmino\/wp-json\/wp\/v2\/posts\/25770\/revisions\/25771"}],"wp:attachment":[{"href":"https:\/\/blogs.elcomercio.es\/reflexiones-de-belarmino\/wp-json\/wp\/v2\/media?parent=25770"}],"wp:term":[{"taxonomy":"category","embeddable":true,"href":"https:\/\/blogs.elcomercio.es\/reflexiones-de-belarmino\/wp-json\/wp\/v2\/categories?post=25770"},{"taxonomy":"post_tag","embeddable":true,"href":"https:\/\/blogs.elcomercio.es\/reflexiones-de-belarmino\/wp-json\/wp\/v2\/tags?post=25770"}],"curies":[{"name":"wp","href":"https:\/\/api.w.org\/{rel}","templated":true}]}}