{"id":25811,"date":"2022-10-05T08:59:19","date_gmt":"2022-10-05T06:59:19","guid":{"rendered":"https:\/\/blogs.elcomercio.es\/reflexiones-de-belarmino\/?p=25811"},"modified":"2022-10-05T08:59:19","modified_gmt":"2022-10-05T06:59:19","slug":"alemania-invita-a-espana-a-formar-parte-del-escudo-europeo-antimisiles-que-promueve","status":"publish","type":"post","link":"https:\/\/blogs.elcomercio.es\/reflexiones-de-belarmino\/2022\/10\/05\/alemania-invita-a-espana-a-formar-parte-del-escudo-europeo-antimisiles-que-promueve\/","title":{"rendered":"\u00a1\u00a1\u00a1\u00a1\u00a1ALEMANIA INVITA A ESPA\u00d1A A FORMAR PARTE DEL ESCUDO EUROPEO ANTIMISILES  QUE PROMUEVE !!!"},"content":{"rendered":"<p><b>Alemania\u00a0est\u00e1 tomando decisiones al frente de la Uni\u00f3n Europea que\u00a0pueden contribuir al debilitamiento de \u00e9sta..Adem\u00e1s de haber dicho ayer que antes que nada est\u00e1 Alemania en los fondos europeos que le corresponden\u00a0por 200,000 millones de euros, ayer lanz\u00f3 la iniciativa de formar el Escudo Europeo Antimisiles que ellos han creado, y a ha invitado a Espa\u00f1a, con el que se re\u00fane\u00a0hoy con ese prop\u00f3sito.<\/b><\/p>\n<p><b>Lo advertimos hace meses. Una de las consecuencias de obligar los Estados Unidos a Europa a que se armase con el 2 % del PIB, fue que eso di\u00f3 pie al rearme, por primera\u00a0vez\u00a0en 75 a\u00f1os ,<\/b>de<b> Alemania, la causante de dos Guerras Mundiales.<\/b><\/p>\n<p><b>El casi bill\u00f3n de d\u00f3lares\u00a0en armas que vendi\u00f3 EE:UU, para el &#8220;proyecto Ucrania&#8221;, Alemania y Europa, quieren quedarse con el negocio y vender ellos ese armamento.<\/b><\/p>\n<p><b>Y Alemania se dispone, como potencia, a encabezar el proyecto\u00a0militar de Europa, uno de cuyos pasos es este Escudo\u00a0Europeo Antimisiles.<\/b><\/p>\n<p><b>Scholtz se est\u00e1 yendo por la libre, una vez fuera\u00a0el Reino Unido, con una Italia con problemas\u00a0y una Francia que no debe de vere con gusto este\u00a0movimiento<\/b><\/p>\n<p>&nbsp;<\/p>\n<!-- AddThis Advanced Settings generic via filter on the_content --><!-- AddThis Share Buttons generic via filter on the_content -->","protected":false},"excerpt":{"rendered":"<p>Alemania\u00a0est\u00e1 tomando decisiones al frente de la Uni\u00f3n Europea que\u00a0pueden contribuir al debilitamiento de \u00e9sta..Adem\u00e1s de haber dicho ayer que antes que nada est\u00e1 Alemania en los fondos europeos que le corresponden\u00a0por 200,000 millones de euros, ayer lanz\u00f3 la iniciativa de formar el Escudo Europeo Antimisiles que ellos han creado, y a ha invitado a [&hellip;]<!-- AddThis Advanced Settings generic via filter on get_the_excerpt --><!-- AddThis Share Buttons generic via filter on get_the_excerpt --><\/p>\n","protected":false},"author":16,"featured_media":0,"comment_status":"open","ping_status":"closed","sticky":false,"template":"","format":"standard","meta":[],"categories":[1],"tags":[],"_links":{"self":[{"href":"https:\/\/blogs.elcomercio.es\/reflexiones-de-belarmino\/wp-json\/wp\/v2\/posts\/25811"}],"collection":[{"href":"https:\/\/blogs.elcomercio.es\/reflexiones-de-belarmino\/wp-json\/wp\/v2\/posts"}],"about":[{"href":"https:\/\/blogs.elcomercio.es\/reflexiones-de-belarmino\/wp-json\/wp\/v2\/types\/post"}],"author":[{"embeddable":true,"href":"https:\/\/blogs.elcomercio.es\/reflexiones-de-belarmino\/wp-json\/wp\/v2\/users\/16"}],"replies":[{"embeddable":true,"href":"https:\/\/blogs.elcomercio.es\/reflexiones-de-belarmino\/wp-json\/wp\/v2\/comments?post=25811"}],"version-history":[{"count":3,"href":"https:\/\/blogs.elcomercio.es\/reflexiones-de-belarmino\/wp-json\/wp\/v2\/posts\/25811\/revisions"}],"predecessor-version":[{"id":25814,"href":"https:\/\/blogs.elcomercio.es\/reflexiones-de-belarmino\/wp-json\/wp\/v2\/posts\/25811\/revisions\/25814"}],"wp:attachment":[{"href":"https:\/\/blogs.elcomercio.es\/reflexiones-de-belarmino\/wp-json\/wp\/v2\/media?parent=25811"}],"wp:term":[{"taxonomy":"category","embeddable":true,"href":"https:\/\/blogs.elcomercio.es\/reflexiones-de-belarmino\/wp-json\/wp\/v2\/categories?post=25811"},{"taxonomy":"post_tag","embeddable":true,"href":"https:\/\/blogs.elcomercio.es\/reflexiones-de-belarmino\/wp-json\/wp\/v2\/tags?post=25811"}],"curies":[{"name":"wp","href":"https:\/\/api.w.org\/{rel}","templated":true}]}}