{"id":25815,"date":"2022-10-05T09:03:07","date_gmt":"2022-10-05T07:03:07","guid":{"rendered":"https:\/\/blogs.elcomercio.es\/reflexiones-de-belarmino\/?p=25815"},"modified":"2022-10-05T09:03:07","modified_gmt":"2022-10-05T07:03:07","slug":"los-presupuestos-generales-de-espana-que-saldran-adelante-tiene-un-importante-escudo-social","status":"publish","type":"post","link":"https:\/\/blogs.elcomercio.es\/reflexiones-de-belarmino\/2022\/10\/05\/los-presupuestos-generales-de-espana-que-saldran-adelante-tiene-un-importante-escudo-social\/","title":{"rendered":"\u00a1\u00a1\u00a1LOS PRESUPUESTOS GENERALES DE ESPA\u00d1A QUE SALDR\u00c1N ADELANTE TIENE UN IMPORTANTE ESCUDO SOCIAL !!!"},"content":{"rendered":"<p><b>Pedro S\u00e1nchez\u00a0logr\u00f3 meter el aumento en el gasto militar a cambio de que su socio de Gobierno impulsar\u00e1\u00a0un importante escudo social, en el marco de menos ingresos..Corresponde ahora el debate en el Congreso donde pasar\u00e1n.<\/b><\/p>\n<!-- AddThis Advanced Settings generic via filter on the_content --><!-- AddThis Share Buttons generic via filter on the_content -->","protected":false},"excerpt":{"rendered":"<p>Pedro S\u00e1nchez\u00a0logr\u00f3 meter el aumento en el gasto militar a cambio de que su socio de Gobierno impulsar\u00e1\u00a0un importante escudo social, en el marco de menos ingresos..Corresponde ahora el debate en el Congreso donde pasar\u00e1n.<!-- AddThis Advanced Settings generic via filter on get_the_excerpt --><!-- AddThis Share Buttons generic via filter on get_the_excerpt --><\/p>\n","protected":false},"author":16,"featured_media":0,"comment_status":"open","ping_status":"closed","sticky":false,"template":"","format":"standard","meta":[],"categories":[1],"tags":[],"_links":{"self":[{"href":"https:\/\/blogs.elcomercio.es\/reflexiones-de-belarmino\/wp-json\/wp\/v2\/posts\/25815"}],"collection":[{"href":"https:\/\/blogs.elcomercio.es\/reflexiones-de-belarmino\/wp-json\/wp\/v2\/posts"}],"about":[{"href":"https:\/\/blogs.elcomercio.es\/reflexiones-de-belarmino\/wp-json\/wp\/v2\/types\/post"}],"author":[{"embeddable":true,"href":"https:\/\/blogs.elcomercio.es\/reflexiones-de-belarmino\/wp-json\/wp\/v2\/users\/16"}],"replies":[{"embeddable":true,"href":"https:\/\/blogs.elcomercio.es\/reflexiones-de-belarmino\/wp-json\/wp\/v2\/comments?post=25815"}],"version-history":[{"count":1,"href":"https:\/\/blogs.elcomercio.es\/reflexiones-de-belarmino\/wp-json\/wp\/v2\/posts\/25815\/revisions"}],"predecessor-version":[{"id":25816,"href":"https:\/\/blogs.elcomercio.es\/reflexiones-de-belarmino\/wp-json\/wp\/v2\/posts\/25815\/revisions\/25816"}],"wp:attachment":[{"href":"https:\/\/blogs.elcomercio.es\/reflexiones-de-belarmino\/wp-json\/wp\/v2\/media?parent=25815"}],"wp:term":[{"taxonomy":"category","embeddable":true,"href":"https:\/\/blogs.elcomercio.es\/reflexiones-de-belarmino\/wp-json\/wp\/v2\/categories?post=25815"},{"taxonomy":"post_tag","embeddable":true,"href":"https:\/\/blogs.elcomercio.es\/reflexiones-de-belarmino\/wp-json\/wp\/v2\/tags?post=25815"}],"curies":[{"name":"wp","href":"https:\/\/api.w.org\/{rel}","templated":true}]}}