{"id":25817,"date":"2022-10-05T09:10:34","date_gmt":"2022-10-05T07:10:34","guid":{"rendered":"https:\/\/blogs.elcomercio.es\/reflexiones-de-belarmino\/?p=25817"},"modified":"2022-10-05T09:10:34","modified_gmt":"2022-10-05T07:10:34","slug":"trump-logro-que-el-supremo-conservador-formado-por-el-sea-el-que-defina-si-hubo-delito-penal-o-no","status":"publish","type":"post","link":"https:\/\/blogs.elcomercio.es\/reflexiones-de-belarmino\/2022\/10\/05\/trump-logro-que-el-supremo-conservador-formado-por-el-sea-el-que-defina-si-hubo-delito-penal-o-no\/","title":{"rendered":"\u00a1\u00a1\u00a1 TRUMP LOGR\u00d3 QUE EL SUPREMO CONSERVADOR FORMADO POR EL SEA EL QUE DEFINA SI HUBO DELITO PENAL O NO !!!"},"content":{"rendered":"<p><strong>Todo el esfuerzo de Donald Trump, para haber logrado en\u00a0 su gobierno, que tres de los nueve miembros del Supremo de EE:UU, hayan sido nombrados por \u00e9l, que lleva a tener mayor\u00eda entre los 9 integrantes, le van a venir muy bien, cuando la \u00fanica alternativa que evitar\u00a0 ser condenado sea que sea este Tribunal Supremo el que tome la decisi\u00f3n.<\/strong><\/p>\n<p><b>Falta un mes y 3 d\u00edas para las elecciones que cambiar\u00e1n a los 435 representantes(diputados) y a 45 de los 100 senadores, de cuyos resultado el espera para presentarse o no a las nuevas elecciones\u00a0para Presidente en 2024.<\/b><\/p>\n<p><b>Tanto en EE:UU como en Brasil se est\u00e1 muy atento a los pr\u00f3ximos d\u00edas por que tanto Trump, como Bolsonaro\u00a0van por las instituciones.<\/b><\/p>\n<!-- AddThis Advanced Settings generic via filter on the_content --><!-- AddThis Share Buttons generic via filter on the_content -->","protected":false},"excerpt":{"rendered":"<p>Todo el esfuerzo de Donald Trump, para haber logrado en\u00a0 su gobierno, que tres de los nueve miembros del Supremo de EE:UU, hayan sido nombrados por \u00e9l, que lleva a tener mayor\u00eda entre los 9 integrantes, le van a venir muy bien, cuando la \u00fanica alternativa que evitar\u00a0 ser condenado sea que sea este Tribunal [&hellip;]<!-- AddThis Advanced Settings generic via filter on get_the_excerpt --><!-- AddThis Share Buttons generic via filter on get_the_excerpt --><\/p>\n","protected":false},"author":16,"featured_media":0,"comment_status":"open","ping_status":"closed","sticky":false,"template":"","format":"standard","meta":[],"categories":[1],"tags":[],"_links":{"self":[{"href":"https:\/\/blogs.elcomercio.es\/reflexiones-de-belarmino\/wp-json\/wp\/v2\/posts\/25817"}],"collection":[{"href":"https:\/\/blogs.elcomercio.es\/reflexiones-de-belarmino\/wp-json\/wp\/v2\/posts"}],"about":[{"href":"https:\/\/blogs.elcomercio.es\/reflexiones-de-belarmino\/wp-json\/wp\/v2\/types\/post"}],"author":[{"embeddable":true,"href":"https:\/\/blogs.elcomercio.es\/reflexiones-de-belarmino\/wp-json\/wp\/v2\/users\/16"}],"replies":[{"embeddable":true,"href":"https:\/\/blogs.elcomercio.es\/reflexiones-de-belarmino\/wp-json\/wp\/v2\/comments?post=25817"}],"version-history":[{"count":1,"href":"https:\/\/blogs.elcomercio.es\/reflexiones-de-belarmino\/wp-json\/wp\/v2\/posts\/25817\/revisions"}],"predecessor-version":[{"id":25818,"href":"https:\/\/blogs.elcomercio.es\/reflexiones-de-belarmino\/wp-json\/wp\/v2\/posts\/25817\/revisions\/25818"}],"wp:attachment":[{"href":"https:\/\/blogs.elcomercio.es\/reflexiones-de-belarmino\/wp-json\/wp\/v2\/media?parent=25817"}],"wp:term":[{"taxonomy":"category","embeddable":true,"href":"https:\/\/blogs.elcomercio.es\/reflexiones-de-belarmino\/wp-json\/wp\/v2\/categories?post=25817"},{"taxonomy":"post_tag","embeddable":true,"href":"https:\/\/blogs.elcomercio.es\/reflexiones-de-belarmino\/wp-json\/wp\/v2\/tags?post=25817"}],"curies":[{"name":"wp","href":"https:\/\/api.w.org\/{rel}","templated":true}]}}