{"id":25888,"date":"2022-10-11T08:38:28","date_gmt":"2022-10-11T06:38:28","guid":{"rendered":"https:\/\/blogs.elcomercio.es\/reflexiones-de-belarmino\/?p=25888"},"modified":"2022-10-11T08:38:28","modified_gmt":"2022-10-11T06:38:28","slug":"manana-en-kazajistan-se-reunen-putin-y-erdogan","status":"publish","type":"post","link":"https:\/\/blogs.elcomercio.es\/reflexiones-de-belarmino\/2022\/10\/11\/manana-en-kazajistan-se-reunen-putin-y-erdogan\/","title":{"rendered":"\u00a1\u00a1\u00a1MA\u00d1ANA EN KAZAJIST\u00c1N SE RE\u00daNEN PUTIN Y ERDOGAN !!!"},"content":{"rendered":"<p><b>Ma\u00f1ana, al asistir\u00a0a un encuentro conjunto\u00a0en Kazajist\u00e1n, se encontrar\u00e1n Vladimir Putin y Erdogan, primer\u00a0encuentro tras los acontecimientos su siguieron\u00a0\u00a0al atentado\u00a0de la infraestructura estrat\u00e9gica\u00a0de Rusia, las del puente que une a Crimea con Rusia y a la cual respondi\u00f3 ayer\u00a0Rusia dejando sin luz\u00a0al 40 % de Ucrania..<\/b><\/p>\n<p><b>El \u00fanico lider\u00a0 de Occidente con el que se re\u00fane\u00a0el presidente de Rusia es el presidente\u00a0turco, pero no olvidemos que hace 3 semanas Erdogan\u00a0dijo &#8221; Rusia debe de retirarse de CRimea y de todos los\u00a0 territorios en Ucrania&#8221;.<\/b><\/p>\n<p>&nbsp;<\/p>\n<!-- AddThis Advanced Settings generic via filter on the_content --><!-- AddThis Share Buttons generic via filter on the_content -->","protected":false},"excerpt":{"rendered":"<p>Ma\u00f1ana, al asistir\u00a0a un encuentro conjunto\u00a0en Kazajist\u00e1n, se encontrar\u00e1n Vladimir Putin y Erdogan, primer\u00a0encuentro tras los acontecimientos su siguieron\u00a0\u00a0al atentado\u00a0de la infraestructura estrat\u00e9gica\u00a0de Rusia, las del puente que une a Crimea con Rusia y a la cual respondi\u00f3 ayer\u00a0Rusia dejando sin luz\u00a0al 40 % de Ucrania.. El \u00fanico lider\u00a0 de Occidente con el que se [&hellip;]<!-- AddThis Advanced Settings generic via filter on get_the_excerpt --><!-- AddThis Share Buttons generic via filter on get_the_excerpt --><\/p>\n","protected":false},"author":16,"featured_media":0,"comment_status":"open","ping_status":"closed","sticky":false,"template":"","format":"standard","meta":[],"categories":[1],"tags":[],"_links":{"self":[{"href":"https:\/\/blogs.elcomercio.es\/reflexiones-de-belarmino\/wp-json\/wp\/v2\/posts\/25888"}],"collection":[{"href":"https:\/\/blogs.elcomercio.es\/reflexiones-de-belarmino\/wp-json\/wp\/v2\/posts"}],"about":[{"href":"https:\/\/blogs.elcomercio.es\/reflexiones-de-belarmino\/wp-json\/wp\/v2\/types\/post"}],"author":[{"embeddable":true,"href":"https:\/\/blogs.elcomercio.es\/reflexiones-de-belarmino\/wp-json\/wp\/v2\/users\/16"}],"replies":[{"embeddable":true,"href":"https:\/\/blogs.elcomercio.es\/reflexiones-de-belarmino\/wp-json\/wp\/v2\/comments?post=25888"}],"version-history":[{"count":1,"href":"https:\/\/blogs.elcomercio.es\/reflexiones-de-belarmino\/wp-json\/wp\/v2\/posts\/25888\/revisions"}],"predecessor-version":[{"id":25889,"href":"https:\/\/blogs.elcomercio.es\/reflexiones-de-belarmino\/wp-json\/wp\/v2\/posts\/25888\/revisions\/25889"}],"wp:attachment":[{"href":"https:\/\/blogs.elcomercio.es\/reflexiones-de-belarmino\/wp-json\/wp\/v2\/media?parent=25888"}],"wp:term":[{"taxonomy":"category","embeddable":true,"href":"https:\/\/blogs.elcomercio.es\/reflexiones-de-belarmino\/wp-json\/wp\/v2\/categories?post=25888"},{"taxonomy":"post_tag","embeddable":true,"href":"https:\/\/blogs.elcomercio.es\/reflexiones-de-belarmino\/wp-json\/wp\/v2\/tags?post=25888"}],"curies":[{"name":"wp","href":"https:\/\/api.w.org\/{rel}","templated":true}]}}