{"id":25890,"date":"2022-10-11T08:47:23","date_gmt":"2022-10-11T06:47:23","guid":{"rendered":"https:\/\/blogs.elcomercio.es\/reflexiones-de-belarmino\/?p=25890"},"modified":"2022-10-11T08:47:23","modified_gmt":"2022-10-11T06:47:23","slug":"noam-chomsky-el-futuro-de-la-especie-se-definen-en-las-elecciones-de-brasil-y-de-ee-uu","status":"publish","type":"post","link":"https:\/\/blogs.elcomercio.es\/reflexiones-de-belarmino\/2022\/10\/11\/noam-chomsky-el-futuro-de-la-especie-se-definen-en-las-elecciones-de-brasil-y-de-ee-uu\/","title":{"rendered":"\u00a1\u00a1\u00a1\u00a1NOAM CHOMSKY: &#8221; EL FUTURO DE LA ESPECIE SE DEFINEN EN LAS ELECCIONES DE BRASIL Y DE EE.UU &#8220;!!!!"},"content":{"rendered":"<p><b>A sus 93 a\u00f1os, uno de los pensadores m\u00e1s l\u00facidos del mundo, el norteamericano Noam Chomsky\u00a0,declar\u00f3 ayer en Brasil donde asiste\u00a0para estar presente en las elecciones: &#8221; EL FUTURO DE LA ESPECIE SE DEFINE EN LAS ELECCIONES DE BRASIL Y DE EE.UU. &#8220;.<\/b><\/p>\n<p><b>Ayer varios\u00a0miles de j\u00f3venes mexicanos en el Z\u00f3calo, a trav\u00e9s de VIdeoconferencia, estuvieron muy atentas\u00a0las palabras de Chomsky.<\/b><\/p>\n<p><b>El acto fue organizada\u00a0por la Gobernadora de la ciudad de M\u00e9xico Claudia Sheinbaum\u00a0y llam\u00f3 la atenci\u00f3n la cantidad de j\u00f3venes\u00a0que asistieron.<\/b><\/p>\n<!-- AddThis Advanced Settings generic via filter on the_content --><!-- AddThis Share Buttons generic via filter on the_content -->","protected":false},"excerpt":{"rendered":"<p>A sus 93 a\u00f1os, uno de los pensadores m\u00e1s l\u00facidos del mundo, el norteamericano Noam Chomsky\u00a0,declar\u00f3 ayer en Brasil donde asiste\u00a0para estar presente en las elecciones: &#8221; EL FUTURO DE LA ESPECIE SE DEFINE EN LAS ELECCIONES DE BRASIL Y DE EE.UU. &#8220;. Ayer varios\u00a0miles de j\u00f3venes mexicanos en el Z\u00f3calo, a trav\u00e9s de VIdeoconferencia, [&hellip;]<!-- AddThis Advanced Settings generic via filter on get_the_excerpt --><!-- AddThis Share Buttons generic via filter on get_the_excerpt --><\/p>\n","protected":false},"author":16,"featured_media":0,"comment_status":"open","ping_status":"closed","sticky":false,"template":"","format":"standard","meta":[],"categories":[1],"tags":[],"_links":{"self":[{"href":"https:\/\/blogs.elcomercio.es\/reflexiones-de-belarmino\/wp-json\/wp\/v2\/posts\/25890"}],"collection":[{"href":"https:\/\/blogs.elcomercio.es\/reflexiones-de-belarmino\/wp-json\/wp\/v2\/posts"}],"about":[{"href":"https:\/\/blogs.elcomercio.es\/reflexiones-de-belarmino\/wp-json\/wp\/v2\/types\/post"}],"author":[{"embeddable":true,"href":"https:\/\/blogs.elcomercio.es\/reflexiones-de-belarmino\/wp-json\/wp\/v2\/users\/16"}],"replies":[{"embeddable":true,"href":"https:\/\/blogs.elcomercio.es\/reflexiones-de-belarmino\/wp-json\/wp\/v2\/comments?post=25890"}],"version-history":[{"count":2,"href":"https:\/\/blogs.elcomercio.es\/reflexiones-de-belarmino\/wp-json\/wp\/v2\/posts\/25890\/revisions"}],"predecessor-version":[{"id":25892,"href":"https:\/\/blogs.elcomercio.es\/reflexiones-de-belarmino\/wp-json\/wp\/v2\/posts\/25890\/revisions\/25892"}],"wp:attachment":[{"href":"https:\/\/blogs.elcomercio.es\/reflexiones-de-belarmino\/wp-json\/wp\/v2\/media?parent=25890"}],"wp:term":[{"taxonomy":"category","embeddable":true,"href":"https:\/\/blogs.elcomercio.es\/reflexiones-de-belarmino\/wp-json\/wp\/v2\/categories?post=25890"},{"taxonomy":"post_tag","embeddable":true,"href":"https:\/\/blogs.elcomercio.es\/reflexiones-de-belarmino\/wp-json\/wp\/v2\/tags?post=25890"}],"curies":[{"name":"wp","href":"https:\/\/api.w.org\/{rel}","templated":true}]}}