{"id":25895,"date":"2022-10-11T10:07:14","date_gmt":"2022-10-11T08:07:14","guid":{"rendered":"https:\/\/blogs.elcomercio.es\/reflexiones-de-belarmino\/?p=25895"},"modified":"2022-10-11T10:07:14","modified_gmt":"2022-10-11T08:07:14","slug":"democracia-que-pais-lo-es-es-sin-tener-uno-de-los-tres-poderes-una-verguenza-el-poder-judicial-en-espana-inexistente","status":"publish","type":"post","link":"https:\/\/blogs.elcomercio.es\/reflexiones-de-belarmino\/2022\/10\/11\/democracia-que-pais-lo-es-es-sin-tener-uno-de-los-tres-poderes-una-verguenza-el-poder-judicial-en-espana-inexistente\/","title":{"rendered":"\u00bf DEMOCRACIA?, \u00bf QUE PAIS LO ES ES SIN TENER UNO DE LOS TRES PODERES?.  UNA VERG\u00dcENZA EL PODER JUDICIAL EN ESPA\u00d1A, INEXISTENTE !!!!"},"content":{"rendered":"<p><b>Cuatro a\u00f1os sin uno de los tres poderes del Estado: El Judicial. Uno el\u00a0 Ejecutivo es hereditario\u00a0 y el Jefe de Gobierno y el Legislativo son los que funcionan en Espa\u00f1a.<\/b><\/p>\n<p><b>El poder Judicial, heredero y continuaci\u00f3n del\u00a0franquismo, los herederos de \u00e9ste, lo mantienen como reh\u00e9n\u00a0durante 4 a\u00f1os.El caso\u00a0 ha llegado a tal nivel que a pesar de la renuncia de Lesmes ayer, todo el poder judicial en Espa\u00f1a est\u00e1 &#8220;patas para arriba&#8221;.<\/b><\/p>\n<p><b>Pero no se trata de un \u00f3rgano\u00a0del Estado, sino que millones de espa\u00f1oles est\u00e1n atrapados por que sus expedientes, para ellos tan importantes, no se han movido. Hay una par\u00e1lisis hist\u00f3rico\u00a0en el Poder Judicial de Espa\u00f1a.<\/b><\/p>\n<p><b>\u00bf Por que?, \u00bf de que pa\u00eds democr\u00e1tico hablamos, cuando uno de los poderes utiliza a otro, en beneficio de los intereses econ\u00f3micos\u00a0y\u00a0<\/b><b>pol\u00edticos que representan ?.<\/b><\/p>\n<p><strong>El Partido Popular tendr\u00e1 que dar explicaciones alg\u00fan d\u00eda.<\/strong><\/p>\n<p>&nbsp;<\/p>\n<!-- AddThis Advanced Settings generic via filter on the_content --><!-- AddThis Share Buttons generic via filter on the_content -->","protected":false},"excerpt":{"rendered":"<p>Cuatro a\u00f1os sin uno de los tres poderes del Estado: El Judicial. Uno el\u00a0 Ejecutivo es hereditario\u00a0 y el Jefe de Gobierno y el Legislativo son los que funcionan en Espa\u00f1a. El poder Judicial, heredero y continuaci\u00f3n del\u00a0franquismo, los herederos de \u00e9ste, lo mantienen como reh\u00e9n\u00a0durante 4 a\u00f1os.El caso\u00a0 ha llegado a tal nivel que [&hellip;]<!-- AddThis Advanced Settings generic via filter on get_the_excerpt --><!-- AddThis Share Buttons generic via filter on get_the_excerpt --><\/p>\n","protected":false},"author":16,"featured_media":0,"comment_status":"open","ping_status":"closed","sticky":false,"template":"","format":"standard","meta":[],"categories":[1],"tags":[],"_links":{"self":[{"href":"https:\/\/blogs.elcomercio.es\/reflexiones-de-belarmino\/wp-json\/wp\/v2\/posts\/25895"}],"collection":[{"href":"https:\/\/blogs.elcomercio.es\/reflexiones-de-belarmino\/wp-json\/wp\/v2\/posts"}],"about":[{"href":"https:\/\/blogs.elcomercio.es\/reflexiones-de-belarmino\/wp-json\/wp\/v2\/types\/post"}],"author":[{"embeddable":true,"href":"https:\/\/blogs.elcomercio.es\/reflexiones-de-belarmino\/wp-json\/wp\/v2\/users\/16"}],"replies":[{"embeddable":true,"href":"https:\/\/blogs.elcomercio.es\/reflexiones-de-belarmino\/wp-json\/wp\/v2\/comments?post=25895"}],"version-history":[{"count":1,"href":"https:\/\/blogs.elcomercio.es\/reflexiones-de-belarmino\/wp-json\/wp\/v2\/posts\/25895\/revisions"}],"predecessor-version":[{"id":25896,"href":"https:\/\/blogs.elcomercio.es\/reflexiones-de-belarmino\/wp-json\/wp\/v2\/posts\/25895\/revisions\/25896"}],"wp:attachment":[{"href":"https:\/\/blogs.elcomercio.es\/reflexiones-de-belarmino\/wp-json\/wp\/v2\/media?parent=25895"}],"wp:term":[{"taxonomy":"category","embeddable":true,"href":"https:\/\/blogs.elcomercio.es\/reflexiones-de-belarmino\/wp-json\/wp\/v2\/categories?post=25895"},{"taxonomy":"post_tag","embeddable":true,"href":"https:\/\/blogs.elcomercio.es\/reflexiones-de-belarmino\/wp-json\/wp\/v2\/tags?post=25895"}],"curies":[{"name":"wp","href":"https:\/\/api.w.org\/{rel}","templated":true}]}}