{"id":25897,"date":"2022-10-11T10:22:07","date_gmt":"2022-10-11T08:22:07","guid":{"rendered":"https:\/\/blogs.elcomercio.es\/reflexiones-de-belarmino\/?p=25897"},"modified":"2022-10-11T10:22:07","modified_gmt":"2022-10-11T08:22:07","slug":"de-que-imagen-habla-usted-alcaldesa-al-atacar-al-hombre-elegido-democraticamente-luis-m-flores","status":"publish","type":"post","link":"https:\/\/blogs.elcomercio.es\/reflexiones-de-belarmino\/2022\/10\/11\/de-que-imagen-habla-usted-alcaldesa-al-atacar-al-hombre-elegido-democraticamente-luis-m-flores\/","title":{"rendered":"\u00a1\u00a1\u00a1\u00a1\u00bf DE QUE IMAGEN HABLA USTED ALCALDESA, AL ATACAR AL HOMBRE ELEGIDO DEMOCR\u00c1TICAMENTE, LUIS M. FLORES!!!"},"content":{"rendered":"<p><b>Doli\u00f3, le doli\u00f3 a la Alcaldesa\u00a0Ana Ma Gonzalez. En aquel ba\u00f1o de mar gozando las olas con Irarragorri estaban sus cinco minutos de gloria. El futuro de &#8220;su amigo&#8221; iba a ser su trampol\u00edn para su futuro pol\u00edtico, se acab\u00f3 en cuanto, a pesar del &#8220;barullu&#8221; de Adri\u00e1n\u00a0Barb\u00f3n, la DEMOCRACIA ENTR\u00d3 EN ESCENA.<\/b><\/p>\n<p><strong>Y la Agrupaci\u00f3n Socialista de GIj\u00f3n, lo someti\u00f3 a votaci\u00f3n y sali\u00f3 Luis Manuel Flores.<\/strong><\/p>\n<p><b>Hoy vemos los diarios y vemos sus\u00a0declaraciones: Adem\u00e1s de seguir las directrices, HAY QUE TENER PERSONALIDAD POL\u00cdTICA&#8221;.<\/b><\/p>\n<p><strong>\u00bf De que personalidad habla usted do\u00f1a Ana Mar\u00eda Gonz\u00e1lez ?.<\/strong><\/p>\n<p><strong>Bienvenido Luis Manuel Flores.<\/strong><\/p>\n<p>&nbsp;<\/p>\n<!-- AddThis Advanced Settings generic via filter on the_content --><!-- AddThis Share Buttons generic via filter on the_content -->","protected":false},"excerpt":{"rendered":"<p>Doli\u00f3, le doli\u00f3 a la Alcaldesa\u00a0Ana Ma Gonzalez. En aquel ba\u00f1o de mar gozando las olas con Irarragorri estaban sus cinco minutos de gloria. El futuro de &#8220;su amigo&#8221; iba a ser su trampol\u00edn para su futuro pol\u00edtico, se acab\u00f3 en cuanto, a pesar del &#8220;barullu&#8221; de Adri\u00e1n\u00a0Barb\u00f3n, la DEMOCRACIA ENTR\u00d3 EN ESCENA. Y la [&hellip;]<!-- AddThis Advanced Settings generic via filter on get_the_excerpt --><!-- AddThis Share Buttons generic via filter on get_the_excerpt --><\/p>\n","protected":false},"author":16,"featured_media":0,"comment_status":"open","ping_status":"closed","sticky":false,"template":"","format":"standard","meta":[],"categories":[1],"tags":[],"_links":{"self":[{"href":"https:\/\/blogs.elcomercio.es\/reflexiones-de-belarmino\/wp-json\/wp\/v2\/posts\/25897"}],"collection":[{"href":"https:\/\/blogs.elcomercio.es\/reflexiones-de-belarmino\/wp-json\/wp\/v2\/posts"}],"about":[{"href":"https:\/\/blogs.elcomercio.es\/reflexiones-de-belarmino\/wp-json\/wp\/v2\/types\/post"}],"author":[{"embeddable":true,"href":"https:\/\/blogs.elcomercio.es\/reflexiones-de-belarmino\/wp-json\/wp\/v2\/users\/16"}],"replies":[{"embeddable":true,"href":"https:\/\/blogs.elcomercio.es\/reflexiones-de-belarmino\/wp-json\/wp\/v2\/comments?post=25897"}],"version-history":[{"count":2,"href":"https:\/\/blogs.elcomercio.es\/reflexiones-de-belarmino\/wp-json\/wp\/v2\/posts\/25897\/revisions"}],"predecessor-version":[{"id":25899,"href":"https:\/\/blogs.elcomercio.es\/reflexiones-de-belarmino\/wp-json\/wp\/v2\/posts\/25897\/revisions\/25899"}],"wp:attachment":[{"href":"https:\/\/blogs.elcomercio.es\/reflexiones-de-belarmino\/wp-json\/wp\/v2\/media?parent=25897"}],"wp:term":[{"taxonomy":"category","embeddable":true,"href":"https:\/\/blogs.elcomercio.es\/reflexiones-de-belarmino\/wp-json\/wp\/v2\/categories?post=25897"},{"taxonomy":"post_tag","embeddable":true,"href":"https:\/\/blogs.elcomercio.es\/reflexiones-de-belarmino\/wp-json\/wp\/v2\/tags?post=25897"}],"curies":[{"name":"wp","href":"https:\/\/api.w.org\/{rel}","templated":true}]}}