{"id":25925,"date":"2022-10-12T09:26:47","date_gmt":"2022-10-12T07:26:47","guid":{"rendered":"https:\/\/blogs.elcomercio.es\/reflexiones-de-belarmino\/?p=25925"},"modified":"2022-10-12T09:26:47","modified_gmt":"2022-10-12T07:26:47","slug":"hoy-celebramos-el-encuentro-entre-dos-mundos","status":"publish","type":"post","link":"https:\/\/blogs.elcomercio.es\/reflexiones-de-belarmino\/2022\/10\/12\/hoy-celebramos-el-encuentro-entre-dos-mundos\/","title":{"rendered":"\u00a1\u00a1\u00a1\u00a1\u00a1 HOY CELEBRAMOS EL ENCUENTRO ENTRE DOS MUNDOS !!!"},"content":{"rendered":"<p><b>En 2022, en el marco de la relaci\u00f3n entre Europa y Am\u00e9rica, tenemos que usar otro lenguaje\u00a0mas acercado a la\u00a0realidad.<\/b><\/p>\n<p><b>Un d\u00eda como hoy en 1492, Crist\u00f3bal\u00a0Col\u00f3n, espa\u00f1ol,\u00a0 con una mentalidad abierta que manejaban los chinos y los musulmanes de que la tierra era redonda diferente a la de la escol\u00e1stica de que la tierra era plana, motivo por el cual durante milenios nadie se atrevi\u00f3 a cruzar las Columnas de H\u00e9rcules\u00a0(Gibraltar), por\u00a0temor a caer en el\u00a0vac\u00edo, se atrevi\u00f3 y logr\u00f3 encontrar en el camino a las Indias, un nuevo continente: Am\u00e9rica.<\/b><\/p>\n<p><b>As\u00ed de encontraron por primera vez un continente avanzado, en la Edad del Hierro, con una sinergia milenaria con Asia, de donde hab\u00eda\u00a0llegado la p\u00f3lvora, los ca\u00f1ones y los caballos y encontraron u continente, Am\u00e9rica, que, por su configuraci\u00f3n, y sin el Estrecho de Bering, no tuvo nunca la posibilidad de la sinergia entre ellos y As\u00eda, m\u00e1s que en el momento decenas de miles de a\u00f1os antes en que cruzando aquel Estrecho\u00a0llegaron los primeros\u00a0 habitantes de Am\u00e9rica.<\/b><\/p>\n<p><b>Por supuesto, al llegar, aquel continente hab\u00eda tenido culturas florecientes, ni mejores, ni peores, simplemente diferentes. \u00bf Uxmal, maya, en la Pen\u00ednsula\u00a0de Yucat\u00e1n, exist\u00eda floreciente\u00a0en el 500 d.c. cuando Europa no exist\u00eda?.<\/b><\/p>\n<p><b>Lo que pas\u00f3 tras el d\u00eda de hoy en los siguientes tres siglos es otro tema, pero la realidad es que hoy celebramos el Encuentro\u00a0entre Dos Mundos, que ser\u00eda trascendental para la humanidad.<\/b><\/p>\n<p><strong>Cuando nac\u00ed en M\u00e9xico,se celebraba el D\u00eda de la Raza, hoy ya no, ni en el resto de Am\u00e9rica Latina. En Espa\u00f1a se mantiene el D\u00eda de la Hispanidad, que muestra que no nos hemos movido en la historia.<\/strong><\/p>\n<p><b>\u00bf Qu\u00e9\u00a0pas\u00f3 tras el Encuentro?. La conquista, la lucha entre desiguales, es motivo de otro an\u00e1lisis.<\/b><\/p>\n<p><strong>Una forma de ayudar a Espa\u00f1a, tierra de mis genes, es hablar con claridad de nuestro proceso hist\u00f3rico.\u00bfQue fu\u00e9 la Conquista?, \u00bf Por que Espa\u00f1a en el siglo XVI, en el siglo de la raz\u00f3n, se margina de otros paises por que, floreciendo el siglo de Oro Espa\u00f1ol en todas las\u00a0<\/strong><b>\u00e1reas, pero en la raz\u00f3n ninguna duda?: La Escol\u00e1stica de la Edad Media daba respuesta a todo. Y ese fu\u00e9 el primer atraso que tuvo aquel primer gran imperio\u00a0espa\u00f1ol de los Austria..<\/b><\/p>\n<p>&nbsp;<\/p>\n<p>&nbsp;<\/p>\n<p>&nbsp;<\/p>\n<!-- AddThis Advanced Settings generic via filter on the_content --><!-- AddThis Share Buttons generic via filter on the_content -->","protected":false},"excerpt":{"rendered":"<p>En 2022, en el marco de la relaci\u00f3n entre Europa y Am\u00e9rica, tenemos que usar otro lenguaje\u00a0mas acercado a la\u00a0realidad. Un d\u00eda como hoy en 1492, Crist\u00f3bal\u00a0Col\u00f3n, espa\u00f1ol,\u00a0 con una mentalidad abierta que manejaban los chinos y los musulmanes de que la tierra era redonda diferente a la de la escol\u00e1stica de que la tierra [&hellip;]<!-- AddThis Advanced Settings generic via filter on get_the_excerpt --><!-- AddThis Share Buttons generic via filter on get_the_excerpt --><\/p>\n","protected":false},"author":16,"featured_media":0,"comment_status":"open","ping_status":"closed","sticky":false,"template":"","format":"standard","meta":[],"categories":[1],"tags":[],"_links":{"self":[{"href":"https:\/\/blogs.elcomercio.es\/reflexiones-de-belarmino\/wp-json\/wp\/v2\/posts\/25925"}],"collection":[{"href":"https:\/\/blogs.elcomercio.es\/reflexiones-de-belarmino\/wp-json\/wp\/v2\/posts"}],"about":[{"href":"https:\/\/blogs.elcomercio.es\/reflexiones-de-belarmino\/wp-json\/wp\/v2\/types\/post"}],"author":[{"embeddable":true,"href":"https:\/\/blogs.elcomercio.es\/reflexiones-de-belarmino\/wp-json\/wp\/v2\/users\/16"}],"replies":[{"embeddable":true,"href":"https:\/\/blogs.elcomercio.es\/reflexiones-de-belarmino\/wp-json\/wp\/v2\/comments?post=25925"}],"version-history":[{"count":1,"href":"https:\/\/blogs.elcomercio.es\/reflexiones-de-belarmino\/wp-json\/wp\/v2\/posts\/25925\/revisions"}],"predecessor-version":[{"id":25926,"href":"https:\/\/blogs.elcomercio.es\/reflexiones-de-belarmino\/wp-json\/wp\/v2\/posts\/25925\/revisions\/25926"}],"wp:attachment":[{"href":"https:\/\/blogs.elcomercio.es\/reflexiones-de-belarmino\/wp-json\/wp\/v2\/media?parent=25925"}],"wp:term":[{"taxonomy":"category","embeddable":true,"href":"https:\/\/blogs.elcomercio.es\/reflexiones-de-belarmino\/wp-json\/wp\/v2\/categories?post=25925"},{"taxonomy":"post_tag","embeddable":true,"href":"https:\/\/blogs.elcomercio.es\/reflexiones-de-belarmino\/wp-json\/wp\/v2\/tags?post=25925"}],"curies":[{"name":"wp","href":"https:\/\/api.w.org\/{rel}","templated":true}]}}