{"id":25927,"date":"2022-10-12T09:46:09","date_gmt":"2022-10-12T07:46:09","guid":{"rendered":"https:\/\/blogs.elcomercio.es\/reflexiones-de-belarmino\/?p=25927"},"modified":"2022-10-12T09:46:09","modified_gmt":"2022-10-12T07:46:09","slug":"macron-acusa-a-ee-uu-de-vendernos-su-gas-4-veces-mas-caro-que-en-su-pais-empieza-a-aparecer-en-europa-la-realidad","status":"publish","type":"post","link":"https:\/\/blogs.elcomercio.es\/reflexiones-de-belarmino\/2022\/10\/12\/macron-acusa-a-ee-uu-de-vendernos-su-gas-4-veces-mas-caro-que-en-su-pais-empieza-a-aparecer-en-europa-la-realidad\/","title":{"rendered":"\u00a1\u00a1\u00a1MACRON ACUSA A EE.UU. DE VENDERNOS SU GAS 4 VECES M\u00c1S CARO QUE EN SU PA\u00cdS. EMPIEZA A APARECER EN EUROPA LA REALIDAD !!!"},"content":{"rendered":"<p><b>Muchos, muchos a\u00f1os en que la Uni\u00f3n Europea no se debilitaba tanto como en este 2022 y quiz\u00e1s el 2023.La forma\u00a0como ha sido usada por los Estados Unidos en beneficio de \u00e9stos, empezaron\u00a0a aflorar ayer con las declaraciones de Macron\u00a0y las disculpas de Borrell.<\/b><\/p>\n<p><b>Cuando el presidente de Francia, acusa a los Estados Unidos que el gas que nos est\u00e1 vendiendo para sustituir a Rusia, lo hacen cobrandonos 4 veces m\u00e1s que a sus consumidores\u00a0en los Estados Unidos, abre el mel\u00f3n para que Europa sepa por que en 2022 hay\u00a0 un\u00a0 retroceso economico y se arriesgar\u00e1 a tensiones sociales que no se esperaban.<\/b><\/p>\n<p><b>Ayer Borrell, por primera vez, hace una autocr\u00edtica del papel de la UNi\u00f3n Europea, en este conflicto\u00a0provocado por los Estados Unidos en Ucrania, al provocar\u00a0as\u00ed a Rusia, que ha hecho de entrada que tres de los objetivos de BIdeen, cara a sus problemas internos con Trump: El primero es haber liquidado en Occidente la imagen de Vladimir Putin, inclusive, tras derrotar\u00a0a la URSS, posiblemente\u00a0pensando que iba a tirar a Putin.<\/b><\/p>\n<p><b>El segundo sustituye\u00a0a Rusia en el principal exportador de gas de toda la Uni\u00f3n Europea y logra la venta, para que la UNi\u00f3n Europea cumpla con sus 2 %, casi un bill\u00f3n de d\u00f3lares en venta de armas, que al\u00a0darse cuenta Bruselas, ha decidido que el negocio\u00a0sea para Bruselas si no para los Estados UNidos.<\/b><\/p>\n<p><b>Duelen las imagenes de civiles fallecidos\u00a0en Europa, tanto como los vietnamitas en As\u00eda, los sirios en Medio Oriente, los latinoamericanos\u00a0y los africanos, pero que entonces no importaron en\u00a0 Occidente.<\/b><\/p>\n<p>&nbsp;<\/p>\n<!-- AddThis Advanced Settings generic via filter on the_content --><!-- AddThis Share Buttons generic via filter on the_content -->","protected":false},"excerpt":{"rendered":"<p>Muchos, muchos a\u00f1os en que la Uni\u00f3n Europea no se debilitaba tanto como en este 2022 y quiz\u00e1s el 2023.La forma\u00a0como ha sido usada por los Estados Unidos en beneficio de \u00e9stos, empezaron\u00a0a aflorar ayer con las declaraciones de Macron\u00a0y las disculpas de Borrell. Cuando el presidente de Francia, acusa a los Estados Unidos que [&hellip;]<!-- AddThis Advanced Settings generic via filter on get_the_excerpt --><!-- AddThis Share Buttons generic via filter on get_the_excerpt --><\/p>\n","protected":false},"author":16,"featured_media":0,"comment_status":"open","ping_status":"closed","sticky":false,"template":"","format":"standard","meta":[],"categories":[1],"tags":[],"_links":{"self":[{"href":"https:\/\/blogs.elcomercio.es\/reflexiones-de-belarmino\/wp-json\/wp\/v2\/posts\/25927"}],"collection":[{"href":"https:\/\/blogs.elcomercio.es\/reflexiones-de-belarmino\/wp-json\/wp\/v2\/posts"}],"about":[{"href":"https:\/\/blogs.elcomercio.es\/reflexiones-de-belarmino\/wp-json\/wp\/v2\/types\/post"}],"author":[{"embeddable":true,"href":"https:\/\/blogs.elcomercio.es\/reflexiones-de-belarmino\/wp-json\/wp\/v2\/users\/16"}],"replies":[{"embeddable":true,"href":"https:\/\/blogs.elcomercio.es\/reflexiones-de-belarmino\/wp-json\/wp\/v2\/comments?post=25927"}],"version-history":[{"count":1,"href":"https:\/\/blogs.elcomercio.es\/reflexiones-de-belarmino\/wp-json\/wp\/v2\/posts\/25927\/revisions"}],"predecessor-version":[{"id":25928,"href":"https:\/\/blogs.elcomercio.es\/reflexiones-de-belarmino\/wp-json\/wp\/v2\/posts\/25927\/revisions\/25928"}],"wp:attachment":[{"href":"https:\/\/blogs.elcomercio.es\/reflexiones-de-belarmino\/wp-json\/wp\/v2\/media?parent=25927"}],"wp:term":[{"taxonomy":"category","embeddable":true,"href":"https:\/\/blogs.elcomercio.es\/reflexiones-de-belarmino\/wp-json\/wp\/v2\/categories?post=25927"},{"taxonomy":"post_tag","embeddable":true,"href":"https:\/\/blogs.elcomercio.es\/reflexiones-de-belarmino\/wp-json\/wp\/v2\/tags?post=25927"}],"curies":[{"name":"wp","href":"https:\/\/api.w.org\/{rel}","templated":true}]}}