{"id":25929,"date":"2022-10-12T10:36:28","date_gmt":"2022-10-12T08:36:28","guid":{"rendered":"https:\/\/blogs.elcomercio.es\/reflexiones-de-belarmino\/?p=25929"},"modified":"2022-10-12T10:36:28","modified_gmt":"2022-10-12T08:36:28","slug":"manana-en-astana-capital-kazaja-se-reunen-putin-y-erdogan","status":"publish","type":"post","link":"https:\/\/blogs.elcomercio.es\/reflexiones-de-belarmino\/2022\/10\/12\/manana-en-astana-capital-kazaja-se-reunen-putin-y-erdogan\/","title":{"rendered":"\u00a1\u00a1\u00a1\u00a1MA\u00d1ANA EN ASTAN\u00c1, CAPITAL KAZAJA, SE RE\u00daNEN PUTIN Y ERDOGAN !!!"},"content":{"rendered":"<p><strong>Convencidos todos de que hay que lograr\u00a0 un alto al fuego, ma\u00f1ana se reunir\u00e1 Vladimir Putin y Recep Tayyip Erdogan presidente de Turqu\u00eda, en la ciudad de Astan\u00e1, capital Kazaja, confirm\u00f3 hoy Peskov vocero del Gobierno Ruso.<\/strong><\/p>\n<p><strong>Erdogan, el \u00fanico presidente de Europa que reconoce Putin como interlocutor, hablar\u00e1 por cuarta vez con el presidente de Rusia, para buscar una salida negociada entre Rusia y Ucrania.<\/strong><\/p>\n<!-- AddThis Advanced Settings generic via filter on the_content --><!-- AddThis Share Buttons generic via filter on the_content -->","protected":false},"excerpt":{"rendered":"<p>Convencidos todos de que hay que lograr\u00a0 un alto al fuego, ma\u00f1ana se reunir\u00e1 Vladimir Putin y Recep Tayyip Erdogan presidente de Turqu\u00eda, en la ciudad de Astan\u00e1, capital Kazaja, confirm\u00f3 hoy Peskov vocero del Gobierno Ruso. Erdogan, el \u00fanico presidente de Europa que reconoce Putin como interlocutor, hablar\u00e1 por cuarta vez con el presidente [&hellip;]<!-- AddThis Advanced Settings generic via filter on get_the_excerpt --><!-- AddThis Share Buttons generic via filter on get_the_excerpt --><\/p>\n","protected":false},"author":16,"featured_media":0,"comment_status":"open","ping_status":"closed","sticky":false,"template":"","format":"standard","meta":[],"categories":[1],"tags":[],"_links":{"self":[{"href":"https:\/\/blogs.elcomercio.es\/reflexiones-de-belarmino\/wp-json\/wp\/v2\/posts\/25929"}],"collection":[{"href":"https:\/\/blogs.elcomercio.es\/reflexiones-de-belarmino\/wp-json\/wp\/v2\/posts"}],"about":[{"href":"https:\/\/blogs.elcomercio.es\/reflexiones-de-belarmino\/wp-json\/wp\/v2\/types\/post"}],"author":[{"embeddable":true,"href":"https:\/\/blogs.elcomercio.es\/reflexiones-de-belarmino\/wp-json\/wp\/v2\/users\/16"}],"replies":[{"embeddable":true,"href":"https:\/\/blogs.elcomercio.es\/reflexiones-de-belarmino\/wp-json\/wp\/v2\/comments?post=25929"}],"version-history":[{"count":1,"href":"https:\/\/blogs.elcomercio.es\/reflexiones-de-belarmino\/wp-json\/wp\/v2\/posts\/25929\/revisions"}],"predecessor-version":[{"id":25930,"href":"https:\/\/blogs.elcomercio.es\/reflexiones-de-belarmino\/wp-json\/wp\/v2\/posts\/25929\/revisions\/25930"}],"wp:attachment":[{"href":"https:\/\/blogs.elcomercio.es\/reflexiones-de-belarmino\/wp-json\/wp\/v2\/media?parent=25929"}],"wp:term":[{"taxonomy":"category","embeddable":true,"href":"https:\/\/blogs.elcomercio.es\/reflexiones-de-belarmino\/wp-json\/wp\/v2\/categories?post=25929"},{"taxonomy":"post_tag","embeddable":true,"href":"https:\/\/blogs.elcomercio.es\/reflexiones-de-belarmino\/wp-json\/wp\/v2\/tags?post=25929"}],"curies":[{"name":"wp","href":"https:\/\/api.w.org\/{rel}","templated":true}]}}