{"id":25931,"date":"2022-10-12T10:42:17","date_gmt":"2022-10-12T08:42:17","guid":{"rendered":"https:\/\/blogs.elcomercio.es\/reflexiones-de-belarmino\/?p=25931"},"modified":"2022-10-12T10:42:17","modified_gmt":"2022-10-12T08:42:17","slug":"lavrov-declaro-que-putin-esta-abierto-a-una-reunion-con-biden-en-bali-en-el-g20","status":"publish","type":"post","link":"https:\/\/blogs.elcomercio.es\/reflexiones-de-belarmino\/2022\/10\/12\/lavrov-declaro-que-putin-esta-abierto-a-una-reunion-con-biden-en-bali-en-el-g20\/","title":{"rendered":"\u00a1\u00a1\u00a1\u00a1\u00a1LAVROV  DECLAR\u00d3 QUE PUTIN EST\u00c1 ABIERTO A UNA REUNI\u00d3N CON BIDEN EN BALI EN EL G20 !!!"},"content":{"rendered":"<p><b>El 15 y 16 de noviembre se re\u00fane, a su m\u00e1s alto nivel\u00a0el G20, en la isla de Bali en Indonesia. A la pregunta que se le hizo, el MInistro de Exteriores de Rusia Lavrov respondi\u00f3 que si a Biden le interesa Putin no tendr\u00eda ninguna objeci\u00f3n para que ambos se vieran bilateralmente en esa cumbre.<\/b><\/p>\n<!-- AddThis Advanced Settings generic via filter on the_content --><!-- AddThis Share Buttons generic via filter on the_content -->","protected":false},"excerpt":{"rendered":"<p>El 15 y 16 de noviembre se re\u00fane, a su m\u00e1s alto nivel\u00a0el G20, en la isla de Bali en Indonesia. A la pregunta que se le hizo, el MInistro de Exteriores de Rusia Lavrov respondi\u00f3 que si a Biden le interesa Putin no tendr\u00eda ninguna objeci\u00f3n para que ambos se vieran bilateralmente en esa [&hellip;]<!-- AddThis Advanced Settings generic via filter on get_the_excerpt --><!-- AddThis Share Buttons generic via filter on get_the_excerpt --><\/p>\n","protected":false},"author":16,"featured_media":0,"comment_status":"open","ping_status":"closed","sticky":false,"template":"","format":"standard","meta":[],"categories":[1],"tags":[],"_links":{"self":[{"href":"https:\/\/blogs.elcomercio.es\/reflexiones-de-belarmino\/wp-json\/wp\/v2\/posts\/25931"}],"collection":[{"href":"https:\/\/blogs.elcomercio.es\/reflexiones-de-belarmino\/wp-json\/wp\/v2\/posts"}],"about":[{"href":"https:\/\/blogs.elcomercio.es\/reflexiones-de-belarmino\/wp-json\/wp\/v2\/types\/post"}],"author":[{"embeddable":true,"href":"https:\/\/blogs.elcomercio.es\/reflexiones-de-belarmino\/wp-json\/wp\/v2\/users\/16"}],"replies":[{"embeddable":true,"href":"https:\/\/blogs.elcomercio.es\/reflexiones-de-belarmino\/wp-json\/wp\/v2\/comments?post=25931"}],"version-history":[{"count":3,"href":"https:\/\/blogs.elcomercio.es\/reflexiones-de-belarmino\/wp-json\/wp\/v2\/posts\/25931\/revisions"}],"predecessor-version":[{"id":25934,"href":"https:\/\/blogs.elcomercio.es\/reflexiones-de-belarmino\/wp-json\/wp\/v2\/posts\/25931\/revisions\/25934"}],"wp:attachment":[{"href":"https:\/\/blogs.elcomercio.es\/reflexiones-de-belarmino\/wp-json\/wp\/v2\/media?parent=25931"}],"wp:term":[{"taxonomy":"category","embeddable":true,"href":"https:\/\/blogs.elcomercio.es\/reflexiones-de-belarmino\/wp-json\/wp\/v2\/categories?post=25931"},{"taxonomy":"post_tag","embeddable":true,"href":"https:\/\/blogs.elcomercio.es\/reflexiones-de-belarmino\/wp-json\/wp\/v2\/tags?post=25931"}],"curies":[{"name":"wp","href":"https:\/\/api.w.org\/{rel}","templated":true}]}}