{"id":26327,"date":"2022-11-02T12:01:12","date_gmt":"2022-11-02T11:01:12","guid":{"rendered":"https:\/\/blogs.elcomercio.es\/reflexiones-de-belarmino\/?p=26327"},"modified":"2022-11-02T12:01:12","modified_gmt":"2022-11-02T11:01:12","slug":"bolsonaro-no-acepta-el-resultado-presionado-dice-que-acatara-la-constitucion-en-espera-del-dia-8","status":"publish","type":"post","link":"https:\/\/blogs.elcomercio.es\/reflexiones-de-belarmino\/2022\/11\/02\/bolsonaro-no-acepta-el-resultado-presionado-dice-que-acatara-la-constitucion-en-espera-del-dia-8\/","title":{"rendered":"\u00a1\u00a1\u00a1  BOLSONARO NO ACEPTA EL RESULTADO.- PRESIONADO DICE QUE ACATAR\u00c1 LA CONSTITUCI\u00d3N.- EN ESPERA DEL DIA 8 !!!"},"content":{"rendered":"<p><b>En un breve discurso Jair Bolsonaro\u00a0el candidato\u00a0derrotado de las elecciones de\u00a0Brasil, se proclam\u00f3\u00a0lider de 50 millones, dijo que respetar\u00eda\u00a0la Constituci\u00f3n\u00a0pero no reconoci\u00f3 haber perdido.La presi\u00f3n internacional y de sus propios gobernadores lo obligaron a salir a dar ese discurso, pero NO HA RECONOCIDO EL TRIUNFO DE LULA.<\/b><\/p>\n<p><b>El domingo pasado Donald TRump llam\u00f3 a votar por \u00e9l. Creemos\u00a0que est\u00e1n esperando el resultado del pr\u00f3ximo\u00a0martes 8 en los Estados Unidos.<\/b><\/p>\n<p><b>La negativa, al estilo Trump, de considerar v\u00e1lido el resultado, nos indica que Bolsonaro puede crear una situaci\u00f3n similar a la de Trump, sobre todo sabiendo que tiene 2 meses para el traslado del poder, y que en cuanto deje de serlo perder\u00e1 la inmunidad y ser\u00e1 blanco f\u00e1cil\u00a0de lo que arrastra.<\/b><\/p>\n<p><b>Si en Brasil y en los Estados Unidos, casualmente con los Evangelistas al frente, hay un enfrentamiento\u00a0a las instituciones, tendr\u00e1 la mayor\u00a0repercusi\u00f3n mundial.<\/b><\/p>\n<p>&nbsp;<\/p>\n<!-- AddThis Advanced Settings generic via filter on the_content --><!-- AddThis Share Buttons generic via filter on the_content -->","protected":false},"excerpt":{"rendered":"<p>En un breve discurso Jair Bolsonaro\u00a0el candidato\u00a0derrotado de las elecciones de\u00a0Brasil, se proclam\u00f3\u00a0lider de 50 millones, dijo que respetar\u00eda\u00a0la Constituci\u00f3n\u00a0pero no reconoci\u00f3 haber perdido.La presi\u00f3n internacional y de sus propios gobernadores lo obligaron a salir a dar ese discurso, pero NO HA RECONOCIDO EL TRIUNFO DE LULA. El domingo pasado Donald TRump llam\u00f3 a votar [&hellip;]<!-- AddThis Advanced Settings generic via filter on get_the_excerpt --><!-- AddThis Share Buttons generic via filter on get_the_excerpt --><\/p>\n","protected":false},"author":16,"featured_media":0,"comment_status":"open","ping_status":"closed","sticky":false,"template":"","format":"standard","meta":[],"categories":[1],"tags":[],"_links":{"self":[{"href":"https:\/\/blogs.elcomercio.es\/reflexiones-de-belarmino\/wp-json\/wp\/v2\/posts\/26327"}],"collection":[{"href":"https:\/\/blogs.elcomercio.es\/reflexiones-de-belarmino\/wp-json\/wp\/v2\/posts"}],"about":[{"href":"https:\/\/blogs.elcomercio.es\/reflexiones-de-belarmino\/wp-json\/wp\/v2\/types\/post"}],"author":[{"embeddable":true,"href":"https:\/\/blogs.elcomercio.es\/reflexiones-de-belarmino\/wp-json\/wp\/v2\/users\/16"}],"replies":[{"embeddable":true,"href":"https:\/\/blogs.elcomercio.es\/reflexiones-de-belarmino\/wp-json\/wp\/v2\/comments?post=26327"}],"version-history":[{"count":1,"href":"https:\/\/blogs.elcomercio.es\/reflexiones-de-belarmino\/wp-json\/wp\/v2\/posts\/26327\/revisions"}],"predecessor-version":[{"id":26328,"href":"https:\/\/blogs.elcomercio.es\/reflexiones-de-belarmino\/wp-json\/wp\/v2\/posts\/26327\/revisions\/26328"}],"wp:attachment":[{"href":"https:\/\/blogs.elcomercio.es\/reflexiones-de-belarmino\/wp-json\/wp\/v2\/media?parent=26327"}],"wp:term":[{"taxonomy":"category","embeddable":true,"href":"https:\/\/blogs.elcomercio.es\/reflexiones-de-belarmino\/wp-json\/wp\/v2\/categories?post=26327"},{"taxonomy":"post_tag","embeddable":true,"href":"https:\/\/blogs.elcomercio.es\/reflexiones-de-belarmino\/wp-json\/wp\/v2\/tags?post=26327"}],"curies":[{"name":"wp","href":"https:\/\/api.w.org\/{rel}","templated":true}]}}