{"id":26329,"date":"2022-11-02T12:08:44","date_gmt":"2022-11-02T11:08:44","guid":{"rendered":"https:\/\/blogs.elcomercio.es\/reflexiones-de-belarmino\/?p=26329"},"modified":"2022-11-02T12:08:44","modified_gmt":"2022-11-02T11:08:44","slug":"los-nacionalismos-norteamericanos-chinos-rusos-alemanes-el-gran-riesgo-para-la-especie-humana","status":"publish","type":"post","link":"https:\/\/blogs.elcomercio.es\/reflexiones-de-belarmino\/2022\/11\/02\/los-nacionalismos-norteamericanos-chinos-rusos-alemanes-el-gran-riesgo-para-la-especie-humana\/","title":{"rendered":"\u00a1\u00a1\u00a1\u00a1LOS NACIONALISMOS NORTEAMERICANOS, CHINOS, RUSOS, ALEMANES EL GRAN RIESGO PARA LA ESPECIE HUMANA !!!!"},"content":{"rendered":"<p><b>Cre\u00edamos\u00a0en que el homo sapiens , la \u00fanica especie que ha dominado a la naturaleza y a las dem\u00e1s especies no ser\u00eda capaz de llegar a ello, pero cada a\u00f1o que avanza, guerra, tras guerra, armas nucleares con armas nucleares, nacionalismos, ante nacionalismos, vamos acerc\u00e1ndonos a un punto sin retorno. El nacionalismo\u00a0chino, el norteamericano, el ruso, el europeo, m\u00e1s la presencia de Dios, Patria y Familia que\u00a0lo mismo pregona Meloni que Bolsonaro, son el mayor obst\u00e1culo para salir de esta crisis en aumento.<\/b><\/p>\n<!-- AddThis Advanced Settings generic via filter on the_content --><!-- AddThis Share Buttons generic via filter on the_content -->","protected":false},"excerpt":{"rendered":"<p>Cre\u00edamos\u00a0en que el homo sapiens , la \u00fanica especie que ha dominado a la naturaleza y a las dem\u00e1s especies no ser\u00eda capaz de llegar a ello, pero cada a\u00f1o que avanza, guerra, tras guerra, armas nucleares con armas nucleares, nacionalismos, ante nacionalismos, vamos acerc\u00e1ndonos a un punto sin retorno. El nacionalismo\u00a0chino, el norteamericano, el [&hellip;]<!-- AddThis Advanced Settings generic via filter on get_the_excerpt --><!-- AddThis Share Buttons generic via filter on get_the_excerpt --><\/p>\n","protected":false},"author":16,"featured_media":0,"comment_status":"open","ping_status":"closed","sticky":false,"template":"","format":"standard","meta":[],"categories":[1],"tags":[],"_links":{"self":[{"href":"https:\/\/blogs.elcomercio.es\/reflexiones-de-belarmino\/wp-json\/wp\/v2\/posts\/26329"}],"collection":[{"href":"https:\/\/blogs.elcomercio.es\/reflexiones-de-belarmino\/wp-json\/wp\/v2\/posts"}],"about":[{"href":"https:\/\/blogs.elcomercio.es\/reflexiones-de-belarmino\/wp-json\/wp\/v2\/types\/post"}],"author":[{"embeddable":true,"href":"https:\/\/blogs.elcomercio.es\/reflexiones-de-belarmino\/wp-json\/wp\/v2\/users\/16"}],"replies":[{"embeddable":true,"href":"https:\/\/blogs.elcomercio.es\/reflexiones-de-belarmino\/wp-json\/wp\/v2\/comments?post=26329"}],"version-history":[{"count":1,"href":"https:\/\/blogs.elcomercio.es\/reflexiones-de-belarmino\/wp-json\/wp\/v2\/posts\/26329\/revisions"}],"predecessor-version":[{"id":26330,"href":"https:\/\/blogs.elcomercio.es\/reflexiones-de-belarmino\/wp-json\/wp\/v2\/posts\/26329\/revisions\/26330"}],"wp:attachment":[{"href":"https:\/\/blogs.elcomercio.es\/reflexiones-de-belarmino\/wp-json\/wp\/v2\/media?parent=26329"}],"wp:term":[{"taxonomy":"category","embeddable":true,"href":"https:\/\/blogs.elcomercio.es\/reflexiones-de-belarmino\/wp-json\/wp\/v2\/categories?post=26329"},{"taxonomy":"post_tag","embeddable":true,"href":"https:\/\/blogs.elcomercio.es\/reflexiones-de-belarmino\/wp-json\/wp\/v2\/tags?post=26329"}],"curies":[{"name":"wp","href":"https:\/\/api.w.org\/{rel}","templated":true}]}}