{"id":26353,"date":"2022-11-03T08:33:44","date_gmt":"2022-11-03T07:33:44","guid":{"rendered":"https:\/\/blogs.elcomercio.es\/reflexiones-de-belarmino\/?p=26353"},"modified":"2022-11-03T08:33:44","modified_gmt":"2022-11-03T07:33:44","slug":"40-anos-despues-de-aquella-mayoria-absoluta-el-socialismo-de-siempre-saca-a-queipo-de-llano45000-fusilados","status":"publish","type":"post","link":"https:\/\/blogs.elcomercio.es\/reflexiones-de-belarmino\/2022\/11\/03\/40-anos-despues-de-aquella-mayoria-absoluta-el-socialismo-de-siempre-saca-a-queipo-de-llano45000-fusilados\/","title":{"rendered":"\u00a1\u00a1\u00a140 A\u00d1OS DESPU\u00c9S DE AQUELLA MAYOR\u00cdA ABSOLUTA, EL SOCIALISMO DE SIEMPRE SACA A QUEIPO DE LLANO(45,000 FUSILADOS ) !!!"},"content":{"rendered":"<p><b>Hablemos claro. 40 a\u00f1os de aquella mayor\u00eda\u00a0absoluta de 1982, tuvo que venir el socialismo de toda la vida, para hacer justicia. No solamente sac\u00f3 a Franco , acab\u00f3 con aquel &#8221; Valle de los Ca\u00eddos&#8221;, sac\u00f3 la memoria hist\u00f3rica, sino que anoche salieron los restos de aquel individuo llamado Queipo del Llano, detestable, con\u00a0 45,000 fusilados, que\u00a0 cada noche amenazaba a las &#8220;mujeres\u00a0de los rojos&#8221; por que iban a llegar ellos &#8220;los aut\u00e9nticos\u00a0hombres&#8221;(Dime de que presumes y te dir\u00e9 de lo que te falta).<\/b><\/p>\n<p><strong>Cuarenta a\u00f1os de que los sevillanos Gonz\u00e1lez y Guerra, en su ciudad, pasaran impasibles, ante su tumba a nivel de calle sin hacer nada.<\/strong><\/p>\n<p><b>Aquellos 20 a\u00f1os de aquella \u00e9poca de Juan Carlos, Felipe, Guerra, retrasaron\u00a0\u00a040 a\u00f1os la Transici\u00f3n en Espa\u00f1a, hasta que en los 2020, el nuevo socialismo y sus aliados naturales los comunistas, los que dieron la lucha junto con los anarquistas contra el fascismo , tom\u00f3 las riendas y aun sin mayor\u00eda absoluta logr\u00f3 el m\u00ednimo que en Europa se permite en casos de fascismos como el de Espa\u00f1a.<\/b><\/p>\n<p><strong>Empezamos otra\u00a0 etapa en la historia de Espa\u00f1a.<\/strong><\/p>\n<p>&nbsp;<\/p>\n<!-- AddThis Advanced Settings generic via filter on the_content --><!-- AddThis Share Buttons generic via filter on the_content -->","protected":false},"excerpt":{"rendered":"<p>Hablemos claro. 40 a\u00f1os de aquella mayor\u00eda\u00a0absoluta de 1982, tuvo que venir el socialismo de toda la vida, para hacer justicia. No solamente sac\u00f3 a Franco , acab\u00f3 con aquel &#8221; Valle de los Ca\u00eddos&#8221;, sac\u00f3 la memoria hist\u00f3rica, sino que anoche salieron los restos de aquel individuo llamado Queipo del Llano, detestable, con\u00a0 45,000 [&hellip;]<!-- AddThis Advanced Settings generic via filter on get_the_excerpt --><!-- AddThis Share Buttons generic via filter on get_the_excerpt --><\/p>\n","protected":false},"author":16,"featured_media":0,"comment_status":"open","ping_status":"closed","sticky":false,"template":"","format":"standard","meta":[],"categories":[1],"tags":[],"_links":{"self":[{"href":"https:\/\/blogs.elcomercio.es\/reflexiones-de-belarmino\/wp-json\/wp\/v2\/posts\/26353"}],"collection":[{"href":"https:\/\/blogs.elcomercio.es\/reflexiones-de-belarmino\/wp-json\/wp\/v2\/posts"}],"about":[{"href":"https:\/\/blogs.elcomercio.es\/reflexiones-de-belarmino\/wp-json\/wp\/v2\/types\/post"}],"author":[{"embeddable":true,"href":"https:\/\/blogs.elcomercio.es\/reflexiones-de-belarmino\/wp-json\/wp\/v2\/users\/16"}],"replies":[{"embeddable":true,"href":"https:\/\/blogs.elcomercio.es\/reflexiones-de-belarmino\/wp-json\/wp\/v2\/comments?post=26353"}],"version-history":[{"count":1,"href":"https:\/\/blogs.elcomercio.es\/reflexiones-de-belarmino\/wp-json\/wp\/v2\/posts\/26353\/revisions"}],"predecessor-version":[{"id":26354,"href":"https:\/\/blogs.elcomercio.es\/reflexiones-de-belarmino\/wp-json\/wp\/v2\/posts\/26353\/revisions\/26354"}],"wp:attachment":[{"href":"https:\/\/blogs.elcomercio.es\/reflexiones-de-belarmino\/wp-json\/wp\/v2\/media?parent=26353"}],"wp:term":[{"taxonomy":"category","embeddable":true,"href":"https:\/\/blogs.elcomercio.es\/reflexiones-de-belarmino\/wp-json\/wp\/v2\/categories?post=26353"},{"taxonomy":"post_tag","embeddable":true,"href":"https:\/\/blogs.elcomercio.es\/reflexiones-de-belarmino\/wp-json\/wp\/v2\/tags?post=26353"}],"curies":[{"name":"wp","href":"https:\/\/api.w.org\/{rel}","templated":true}]}}