{"id":26357,"date":"2022-11-03T09:13:13","date_gmt":"2022-11-03T08:13:13","guid":{"rendered":"https:\/\/blogs.elcomercio.es\/reflexiones-de-belarmino\/?p=26357"},"modified":"2022-11-03T09:13:13","modified_gmt":"2022-11-03T08:13:13","slug":"biden-ayer-en-todas-las-cadenas-de-tv-la-democracia-esta-en-riesgo","status":"publish","type":"post","link":"https:\/\/blogs.elcomercio.es\/reflexiones-de-belarmino\/2022\/11\/03\/biden-ayer-en-todas-las-cadenas-de-tv-la-democracia-esta-en-riesgo\/","title":{"rendered":"\u00a1\u00a1\u00a1\u00a1BIDEN, AYER EN TODAS LAS CADENAS DE TV: &#8221; LA DEMOCRACIA EST\u00c1 EN RIESGO &#8220;!!!!"},"content":{"rendered":"<p><b>A 6 d\u00edas de las trascendentales elecciones del pr\u00f3ximo martes 8 de noviembre, ayer, el presidente de los Estados Unidos Joe Biden, , en hora estelar, y en todos los canales hizo el dram\u00e1tico\u00a0anuncio: &#8221; LA DEMOCRACIA EST\u00c1\u00a0EN RIESGO &#8220;apelando a que el pueblo norteamericano lo impida en las elecciones.<\/b><\/p>\n<!-- AddThis Advanced Settings generic via filter on the_content --><!-- AddThis Share Buttons generic via filter on the_content -->","protected":false},"excerpt":{"rendered":"<p>A 6 d\u00edas de las trascendentales elecciones del pr\u00f3ximo martes 8 de noviembre, ayer, el presidente de los Estados Unidos Joe Biden, , en hora estelar, y en todos los canales hizo el dram\u00e1tico\u00a0anuncio: &#8221; LA DEMOCRACIA EST\u00c1\u00a0EN RIESGO &#8220;apelando a que el pueblo norteamericano lo impida en las elecciones.<!-- AddThis Advanced Settings generic via filter on get_the_excerpt --><!-- AddThis Share Buttons generic via filter on get_the_excerpt --><\/p>\n","protected":false},"author":16,"featured_media":0,"comment_status":"open","ping_status":"closed","sticky":false,"template":"","format":"standard","meta":[],"categories":[1],"tags":[],"_links":{"self":[{"href":"https:\/\/blogs.elcomercio.es\/reflexiones-de-belarmino\/wp-json\/wp\/v2\/posts\/26357"}],"collection":[{"href":"https:\/\/blogs.elcomercio.es\/reflexiones-de-belarmino\/wp-json\/wp\/v2\/posts"}],"about":[{"href":"https:\/\/blogs.elcomercio.es\/reflexiones-de-belarmino\/wp-json\/wp\/v2\/types\/post"}],"author":[{"embeddable":true,"href":"https:\/\/blogs.elcomercio.es\/reflexiones-de-belarmino\/wp-json\/wp\/v2\/users\/16"}],"replies":[{"embeddable":true,"href":"https:\/\/blogs.elcomercio.es\/reflexiones-de-belarmino\/wp-json\/wp\/v2\/comments?post=26357"}],"version-history":[{"count":1,"href":"https:\/\/blogs.elcomercio.es\/reflexiones-de-belarmino\/wp-json\/wp\/v2\/posts\/26357\/revisions"}],"predecessor-version":[{"id":26358,"href":"https:\/\/blogs.elcomercio.es\/reflexiones-de-belarmino\/wp-json\/wp\/v2\/posts\/26357\/revisions\/26358"}],"wp:attachment":[{"href":"https:\/\/blogs.elcomercio.es\/reflexiones-de-belarmino\/wp-json\/wp\/v2\/media?parent=26357"}],"wp:term":[{"taxonomy":"category","embeddable":true,"href":"https:\/\/blogs.elcomercio.es\/reflexiones-de-belarmino\/wp-json\/wp\/v2\/categories?post=26357"},{"taxonomy":"post_tag","embeddable":true,"href":"https:\/\/blogs.elcomercio.es\/reflexiones-de-belarmino\/wp-json\/wp\/v2\/tags?post=26357"}],"curies":[{"name":"wp","href":"https:\/\/api.w.org\/{rel}","templated":true}]}}