{"id":26382,"date":"2022-11-04T10:28:34","date_gmt":"2022-11-04T09:28:34","guid":{"rendered":"https:\/\/blogs.elcomercio.es\/reflexiones-de-belarmino\/?p=26382"},"modified":"2022-11-04T10:28:34","modified_gmt":"2022-11-04T09:28:34","slug":"10-25-hs-y-se-acaba-de-reabrir-el-espacio-aereo-en-espana-tras-la-caida-del-cohete-chin0","status":"publish","type":"post","link":"https:\/\/blogs.elcomercio.es\/reflexiones-de-belarmino\/2022\/11\/04\/10-25-hs-y-se-acaba-de-reabrir-el-espacio-aereo-en-espana-tras-la-caida-del-cohete-chin0\/","title":{"rendered":"\u00a1\u00a1\u00a1\u00a110.25 HS, Y SE ACABA DE REABRIR EL ESPACIO A\u00c9REO EN ESPA\u00d1A TRAS LA CA\u00cdDA DEL COHETE CHIN0 !!"},"content":{"rendered":"<p><b>Acaba de reabrirse\u00a0al espacio a\u00e9reo\u00a0en Espa\u00f1a, suspendido entre los 9.18 y las 10.28.Pas\u00f3 el riesgo\u00a0en nuestro pa\u00eds de que las 20 toneladas\u00a0de un cohete chino sin control afectase nuestro territorio<\/b><\/p>\n<!-- AddThis Advanced Settings generic via filter on the_content --><!-- AddThis Share Buttons generic via filter on the_content -->","protected":false},"excerpt":{"rendered":"<p>Acaba de reabrirse\u00a0al espacio a\u00e9reo\u00a0en Espa\u00f1a, suspendido entre los 9.18 y las 10.28.Pas\u00f3 el riesgo\u00a0en nuestro pa\u00eds de que las 20 toneladas\u00a0de un cohete chino sin control afectase nuestro territorio<!-- AddThis Advanced Settings generic via filter on get_the_excerpt --><!-- AddThis Share Buttons generic via filter on get_the_excerpt --><\/p>\n","protected":false},"author":16,"featured_media":0,"comment_status":"open","ping_status":"closed","sticky":false,"template":"","format":"standard","meta":[],"categories":[1],"tags":[],"_links":{"self":[{"href":"https:\/\/blogs.elcomercio.es\/reflexiones-de-belarmino\/wp-json\/wp\/v2\/posts\/26382"}],"collection":[{"href":"https:\/\/blogs.elcomercio.es\/reflexiones-de-belarmino\/wp-json\/wp\/v2\/posts"}],"about":[{"href":"https:\/\/blogs.elcomercio.es\/reflexiones-de-belarmino\/wp-json\/wp\/v2\/types\/post"}],"author":[{"embeddable":true,"href":"https:\/\/blogs.elcomercio.es\/reflexiones-de-belarmino\/wp-json\/wp\/v2\/users\/16"}],"replies":[{"embeddable":true,"href":"https:\/\/blogs.elcomercio.es\/reflexiones-de-belarmino\/wp-json\/wp\/v2\/comments?post=26382"}],"version-history":[{"count":1,"href":"https:\/\/blogs.elcomercio.es\/reflexiones-de-belarmino\/wp-json\/wp\/v2\/posts\/26382\/revisions"}],"predecessor-version":[{"id":26383,"href":"https:\/\/blogs.elcomercio.es\/reflexiones-de-belarmino\/wp-json\/wp\/v2\/posts\/26382\/revisions\/26383"}],"wp:attachment":[{"href":"https:\/\/blogs.elcomercio.es\/reflexiones-de-belarmino\/wp-json\/wp\/v2\/media?parent=26382"}],"wp:term":[{"taxonomy":"category","embeddable":true,"href":"https:\/\/blogs.elcomercio.es\/reflexiones-de-belarmino\/wp-json\/wp\/v2\/categories?post=26382"},{"taxonomy":"post_tag","embeddable":true,"href":"https:\/\/blogs.elcomercio.es\/reflexiones-de-belarmino\/wp-json\/wp\/v2\/tags?post=26382"}],"curies":[{"name":"wp","href":"https:\/\/api.w.org\/{rel}","templated":true}]}}