{"id":26821,"date":"2022-11-22T21:17:53","date_gmt":"2022-11-22T20:17:53","guid":{"rendered":"https:\/\/blogs.elcomercio.es\/reflexiones-de-belarmino\/?p=26821"},"modified":"2022-11-22T21:17:53","modified_gmt":"2022-11-22T20:17:53","slug":"la-historia-de-un-asturiano-en-las-urgencias-de-la-paz-en-madrid","status":"publish","type":"post","link":"https:\/\/blogs.elcomercio.es\/reflexiones-de-belarmino\/2022\/11\/22\/la-historia-de-un-asturiano-en-las-urgencias-de-la-paz-en-madrid\/","title":{"rendered":"\u00a1\u00a1\u00a1\u00a1\u00a1LA HISTORIA DE UN ASTURIANO EN LAS URGENCIAS DE LA PAZ EN MADRID !!!"},"content":{"rendered":"<p><b>Mi\u00a0 hija me llev\u00f3 en silla de ruedas en Cancun hasta el vuelo de Air Europa.Algo me hab\u00eda\u00a0sentado mal en aquel\u00a0viaje para estar con las hijas y los nietos.Estaba por cumplir los 80, y aunque la capitana del vuelo una sobresaliente\u00a0mujer de 55 a\u00f1os, delgada, bella, cabello cano hab\u00eda hecho un aterrizaje de lujo,como cada vez que tocaba, al aterrizar en Barajas, totalmente debil solo a\u00f1oraba llegar a Gij\u00f3n, caer en Jove y que me ayudaran.<\/b><\/p>\n<p><b>El vuelo lleg\u00f3 una hora antes, y aspiraba a tomar el tren en Madrid de las 3 de la tarde, porque\u00a0sent\u00eda que iban a ser infinitas aquellas horas hasta mi tren a las 8 de la noche. Al hombre que empujaba mi silla de ruedas\u00a0 le regu\u00e9 pasar\u00e1\u00a0por Renfe.Mal, apenas alcance a explicarle al hombre que atend\u00eda en Renfe,\u00a0 que me dijo: &#8221; lo siento, mire los que hay antes de usted&#8221;.Yo llevaba 13 horas de vuelo, y al salir de Renfe, me desplome. Recuerdo que lleg\u00f3 el SAMUR, me pusieron en una camilla y escuch\u00e9, A La Paz, a urgencias.<\/b><\/p>\n<p><b>Recordaba aquel hospital madrile\u00f1o no por la muerte de Franco, sino porque\u00a0\u00a0el hijo menor de Belarmino, mi t\u00edo Agripino, no se sent\u00eda bien al regresar de Asturias y la esposa lo llev\u00f3 a esas urgencias. A los 3 d\u00edas, de sorpresa, sin que nadie se lo imaginase : &#8221; El se\u00f1or&#8230;se muri\u00f3&#8221;.<\/b><\/p>\n<p><b>Acostumbrado a Asturias, llegu\u00e9 y me encontr\u00e9\u00a0que en\u00a0urgencias hab\u00eda 300 personas(por supuesto antes del COVID) y ah\u00ed me sentaron en un sof\u00e1\u00a0como a y todos. Eran las 2.30 de la tarde<\/b><\/p>\n<p><b>Y pasaron las 3, las 4, las 5, las 6, las 7, las 8, las 9 y nadie me atend\u00eda.Y las 10 y las 11\u00a0 y las 12, y yo observaba aquel\u00a0aquel \u00fanico m\u00e9dico ni caso.Al llegar avis\u00e9 que estab mal y que tra\u00eda en mis espaldas 13 horas de cruzar el Atl\u00e1ntico.<\/b><\/p>\n<p><b>Cuando quedamos\u00a0cincuenta, aquel hombre segu\u00eda ignor\u00e1ndome, quiz\u00e1s por que al llegar le dije que deseaba llegar a Gij\u00f3n, que por favor me ayudase<\/b><\/p>\n<p><strong>Eran las 3 de la madrugada, me levant\u00e9 como pude, agarr\u00e9 mi maleta y dije, &#8221; me voy&#8221;.\u00a0<\/strong><\/p>\n<p><b>Y entonces aparece una mujer y me dice que no. Yo insist\u00ed habl\u00e1ndole\u00a0al m\u00e9dico, y entonces aqu\u00ed mujer me solt\u00f3: &#8220;El no es doctor&#8221; aqu\u00ed la que manda\u00a0soy yo. Pens\u00e9 y aquel hombre de bata blanca de tantas horas de ayender, \u00bf No era doctor?.<\/b><\/p>\n<p><b>&#8220;Pues me voy,es mi voluntad, ante la discusi\u00f3n entre todos los pacientes, la se\u00f1ora y &#8221; el doctor&#8221;&#8221;. Pues no, usted no se va &#8220;. &#8221; Pues mire aunque tenga que dormir en el suelo a la entrada me voy&#8221;. &#8221; Y me dice usted que este se\u00f1or no es doctor&#8221;. Total que viendo mi insistencia, el hombre habl\u00f3 con ella, y regreso conmigo, yo ya de pie, al l\u00edmite.&#8221; Calmese, firme este papel que usted\u00a0sale\u00a0por su voluntad&#8221;.<\/b><\/p>\n<p><b>Lo firm\u00e9, sal\u00ed, tom\u00e9 un taxi, me fue a un hotel, en la ma\u00f1ana tom\u00e9 el tren y me present\u00e9 en Urgencias de Jove(un amigo me dijo en los apartamentos que &#8220;parec\u00eda\u00a0 un cad\u00e1ver&#8221;.) Pues llegu\u00e9 a a Jove, y qued\u00e9 en sus manos. De inmediato de dieron suero, me recuperaron y me subieron a planta.<\/b><\/p>\n<p><b>A las 2 horas, llegue la doctora que me atender\u00eda, y me dice : &#8221; As\u00ed\u00a0que usted\u00a0es el que se escap\u00f3 ayer de La Paz.&#8221; Me hab\u00edan\u00a0volanteado a como un riesgo a la salud\u00a0de todos los espa\u00f1oles.<\/b><\/p>\n<p><strong>Y all\u00ed me recuperaron en 3 semanas.<\/strong><\/p>\n<p><strong>Un lujo la sanidad asturiana.<\/strong><\/p>\n<p><b>Cuando me hablan de Madrid, y sus problemas de la Salud Publica , siempree recuerdo a mi t\u00edo, y dije yo estoy aqu\u00ed por que tuve la decisi\u00f3n de enfrentarme.<\/b><\/p>\n<p><strong>Una experiencia que la puedo contar por puro instinto de\u00a0 vida.<\/strong><\/p>\n<p><strong>En 83 a\u00f1os, he tenido la suerte de no haber estado nunca en un hospital.<\/strong><\/p>\n<p><b>Quiz\u00e1s las experiencias\u00a0de las luchas sociales en M\u00e9xico y haber dormido mas de una vez en la calle en lucha de campesinos o ante la embajada,\u00a0 de EE:UU, me curtieron.<\/b><\/p>\n<p><b>\u00bfY como fueron las \u00faltimas\u00a0horas\u00a0de Agripino, o la de tantos que se les avisaba a los familiares: &#8221; el se\u00f1or, o la se\u00f1ora&#8230;e muri\u00f3 &#8220;<\/b><\/p>\n<p><strong>Nunca las sabremos&#8230;.<\/strong><\/p>\n<p>&nbsp;<\/p>\n<p>&nbsp;<\/p>\n<p>&nbsp;<\/p>\n<p>&nbsp;<\/p>\n<p>&nbsp;<\/p>\n<!-- AddThis Advanced Settings generic via filter on the_content --><!-- AddThis Share Buttons generic via filter on the_content -->","protected":false},"excerpt":{"rendered":"<p>Mi\u00a0 hija me llev\u00f3 en silla de ruedas en Cancun hasta el vuelo de Air Europa.Algo me hab\u00eda\u00a0sentado mal en aquel\u00a0viaje para estar con las hijas y los nietos.Estaba por cumplir los 80, y aunque la capitana del vuelo una sobresaliente\u00a0mujer de 55 a\u00f1os, delgada, bella, cabello cano hab\u00eda hecho un aterrizaje de lujo,como cada [&hellip;]<!-- AddThis Advanced Settings generic via filter on get_the_excerpt --><!-- AddThis Share Buttons generic via filter on get_the_excerpt --><\/p>\n","protected":false},"author":16,"featured_media":0,"comment_status":"open","ping_status":"closed","sticky":false,"template":"","format":"standard","meta":[],"categories":[1],"tags":[],"_links":{"self":[{"href":"https:\/\/blogs.elcomercio.es\/reflexiones-de-belarmino\/wp-json\/wp\/v2\/posts\/26821"}],"collection":[{"href":"https:\/\/blogs.elcomercio.es\/reflexiones-de-belarmino\/wp-json\/wp\/v2\/posts"}],"about":[{"href":"https:\/\/blogs.elcomercio.es\/reflexiones-de-belarmino\/wp-json\/wp\/v2\/types\/post"}],"author":[{"embeddable":true,"href":"https:\/\/blogs.elcomercio.es\/reflexiones-de-belarmino\/wp-json\/wp\/v2\/users\/16"}],"replies":[{"embeddable":true,"href":"https:\/\/blogs.elcomercio.es\/reflexiones-de-belarmino\/wp-json\/wp\/v2\/comments?post=26821"}],"version-history":[{"count":3,"href":"https:\/\/blogs.elcomercio.es\/reflexiones-de-belarmino\/wp-json\/wp\/v2\/posts\/26821\/revisions"}],"predecessor-version":[{"id":26824,"href":"https:\/\/blogs.elcomercio.es\/reflexiones-de-belarmino\/wp-json\/wp\/v2\/posts\/26821\/revisions\/26824"}],"wp:attachment":[{"href":"https:\/\/blogs.elcomercio.es\/reflexiones-de-belarmino\/wp-json\/wp\/v2\/media?parent=26821"}],"wp:term":[{"taxonomy":"category","embeddable":true,"href":"https:\/\/blogs.elcomercio.es\/reflexiones-de-belarmino\/wp-json\/wp\/v2\/categories?post=26821"},{"taxonomy":"post_tag","embeddable":true,"href":"https:\/\/blogs.elcomercio.es\/reflexiones-de-belarmino\/wp-json\/wp\/v2\/tags?post=26821"}],"curies":[{"name":"wp","href":"https:\/\/api.w.org\/{rel}","templated":true}]}}