{"id":26930,"date":"2022-12-02T09:31:20","date_gmt":"2022-12-02T08:31:20","guid":{"rendered":"https:\/\/blogs.elcomercio.es\/reflexiones-de-belarmino\/?p=26930"},"modified":"2022-12-02T09:31:20","modified_gmt":"2022-12-02T08:31:20","slug":"le-rogue-a-javier-se-quedara-para-que-no-llegara-sanchez-otro-gallo-nos-cantaria-lamban","status":"publish","type":"post","link":"https:\/\/blogs.elcomercio.es\/reflexiones-de-belarmino\/2022\/12\/02\/le-rogue-a-javier-se-quedara-para-que-no-llegara-sanchez-otro-gallo-nos-cantaria-lamban\/","title":{"rendered":"\u00a1\u00a1\u00a1&#8221; LE ROGU\u00c9 A JAVIER SE QUEDARA PARA QUE NO LLEGARA S\u00c1NCHEZ.- OTRO GALLO NOS CANTAR\u00cdA&#8221;. LAMBAN !!!!"},"content":{"rendered":"<p><b>Ley\u00f3 usted bien. El socialismo de hace 40 a\u00f1os. el de Felipe, el de los Eres, el que mantuvo con ello el granero de votos, el de Susana que intent\u00f3\u00a0tirar a Pedro S\u00e1nchez en aquel Consejo Federal y us\u00f3 a aquel Fern\u00e1ndez\u00a0tan gris s\u00f3lo para tener el apoyo hist\u00f3rico de Asturias, lo declar\u00f3 ayer.<\/b><\/p>\n<p><b>No s\u00f3lo fue un golpe bajo a la disciplina del PSOE, a su Secretario General, sino que puso de manifiesto aquellos &#8221; socialistas&#8221; que se incorporaron\u00a0cuando con las mayor\u00eda absoluta de 1982, los 160,000 militantes no alcanzaban a cubrir los puestos, e irrumpi\u00f3\u00a0el oportunismo<\/b><\/p>\n<p><b>Lamb\u00e1n\u00a0y Page, barones de un partido que no tiene nada\u00a0que ver con el fundado por Pablo Iglesias, &#8220;ense\u00f1\u00f3\u00a0el cobre&#8221;, aunque el d\u00eda siguiente rectific\u00f3, recordando: &#8221; Quien vive fuera del presupuesto, vive en el error&#8221;.<\/b><\/p>\n<p><strong>En mayo muchos de estos personajes desaparecer\u00e1n.<\/strong><\/p>\n<p>&nbsp;<\/p>\n<p>&nbsp;<\/p>\n<!-- AddThis Advanced Settings generic via filter on the_content --><!-- AddThis Share Buttons generic via filter on the_content -->","protected":false},"excerpt":{"rendered":"<p>Ley\u00f3 usted bien. El socialismo de hace 40 a\u00f1os. el de Felipe, el de los Eres, el que mantuvo con ello el granero de votos, el de Susana que intent\u00f3\u00a0tirar a Pedro S\u00e1nchez en aquel Consejo Federal y us\u00f3 a aquel Fern\u00e1ndez\u00a0tan gris s\u00f3lo para tener el apoyo hist\u00f3rico de Asturias, lo declar\u00f3 ayer. No [&hellip;]<!-- AddThis Advanced Settings generic via filter on get_the_excerpt --><!-- AddThis Share Buttons generic via filter on get_the_excerpt --><\/p>\n","protected":false},"author":16,"featured_media":0,"comment_status":"open","ping_status":"closed","sticky":false,"template":"","format":"standard","meta":[],"categories":[1],"tags":[],"_links":{"self":[{"href":"https:\/\/blogs.elcomercio.es\/reflexiones-de-belarmino\/wp-json\/wp\/v2\/posts\/26930"}],"collection":[{"href":"https:\/\/blogs.elcomercio.es\/reflexiones-de-belarmino\/wp-json\/wp\/v2\/posts"}],"about":[{"href":"https:\/\/blogs.elcomercio.es\/reflexiones-de-belarmino\/wp-json\/wp\/v2\/types\/post"}],"author":[{"embeddable":true,"href":"https:\/\/blogs.elcomercio.es\/reflexiones-de-belarmino\/wp-json\/wp\/v2\/users\/16"}],"replies":[{"embeddable":true,"href":"https:\/\/blogs.elcomercio.es\/reflexiones-de-belarmino\/wp-json\/wp\/v2\/comments?post=26930"}],"version-history":[{"count":1,"href":"https:\/\/blogs.elcomercio.es\/reflexiones-de-belarmino\/wp-json\/wp\/v2\/posts\/26930\/revisions"}],"predecessor-version":[{"id":26931,"href":"https:\/\/blogs.elcomercio.es\/reflexiones-de-belarmino\/wp-json\/wp\/v2\/posts\/26930\/revisions\/26931"}],"wp:attachment":[{"href":"https:\/\/blogs.elcomercio.es\/reflexiones-de-belarmino\/wp-json\/wp\/v2\/media?parent=26930"}],"wp:term":[{"taxonomy":"category","embeddable":true,"href":"https:\/\/blogs.elcomercio.es\/reflexiones-de-belarmino\/wp-json\/wp\/v2\/categories?post=26930"},{"taxonomy":"post_tag","embeddable":true,"href":"https:\/\/blogs.elcomercio.es\/reflexiones-de-belarmino\/wp-json\/wp\/v2\/tags?post=26930"}],"curies":[{"name":"wp","href":"https:\/\/api.w.org\/{rel}","templated":true}]}}