{"id":26943,"date":"2022-12-03T10:51:06","date_gmt":"2022-12-03T09:51:06","guid":{"rendered":"https:\/\/blogs.elcomercio.es\/reflexiones-de-belarmino\/?p=26943"},"modified":"2022-12-03T10:51:06","modified_gmt":"2022-12-03T09:51:06","slug":"siguiendo-orientacion-de-nunez-feijoo-para-debilitar-al-psoe-anteayer-fue-lambada-ayer-gonzalez","status":"publish","type":"post","link":"https:\/\/blogs.elcomercio.es\/reflexiones-de-belarmino\/2022\/12\/03\/siguiendo-orientacion-de-nunez-feijoo-para-debilitar-al-psoe-anteayer-fue-lambada-ayer-gonzalez\/","title":{"rendered":"\u00a1\u00a1\u00a1\u00a1SIGUIENDO ORIENTACION DE N\u00da\u00d1EZ FEIJOO PARA DEBILITAR AL PSOE, ANTEAYER FUE LAMBADA, AYER GONZALEZ !!!"},"content":{"rendered":"<p><b>La l\u00ednea\u00a0de la derecha es acabar a como d\u00e9\u00a0lugar con el gobierno de coalici\u00f3n sabedores que si ganan las elecciones del 2023 y 2024, el pa\u00eds va a consolidar el proyecto de lo que debi\u00f3 de ser la transici\u00f3n; la estrategia es acabar con S\u00e1nchez. Esa es su estrategia y ellos tienen todo el derecho.<\/b><\/p>\n<p><b>Pero que ahora, dentro del propio PSOE, cuadros que fueron pero ya no son\u00a0 se han lanzado contra Pedro S\u00e1nchez. Primero fue la incomprensibles actitud\u00a0de Lambada, uno de aquellos oportunistas\u00a0que se incorporaron al socialismo por intereses, sino que ayer el mismo Gonz\u00e1lez, se lanza en contra del sistema pluricolor, defiende a ultranza el camino que le dise\u00f1aron Alexander\u00a0Haig\u00a0y Billy Brandt, haciendo casi imposible la entrada de otras fuerzas con aquella ley\u00a0electoral, mostrando que\u00a0 no ha evolucionado\u00a0uno de las mentes pol\u00edticas\u00a0mas brillantes de Espa\u00f1a.<\/b><\/p>\n<p>&nbsp;<\/p>\n<!-- AddThis Advanced Settings generic via filter on the_content --><!-- AddThis Share Buttons generic via filter on the_content -->","protected":false},"excerpt":{"rendered":"<p>La l\u00ednea\u00a0de la derecha es acabar a como d\u00e9\u00a0lugar con el gobierno de coalici\u00f3n sabedores que si ganan las elecciones del 2023 y 2024, el pa\u00eds va a consolidar el proyecto de lo que debi\u00f3 de ser la transici\u00f3n; la estrategia es acabar con S\u00e1nchez. Esa es su estrategia y ellos tienen todo el derecho. [&hellip;]<!-- AddThis Advanced Settings generic via filter on get_the_excerpt --><!-- AddThis Share Buttons generic via filter on get_the_excerpt --><\/p>\n","protected":false},"author":16,"featured_media":0,"comment_status":"open","ping_status":"closed","sticky":false,"template":"","format":"standard","meta":[],"categories":[1],"tags":[],"_links":{"self":[{"href":"https:\/\/blogs.elcomercio.es\/reflexiones-de-belarmino\/wp-json\/wp\/v2\/posts\/26943"}],"collection":[{"href":"https:\/\/blogs.elcomercio.es\/reflexiones-de-belarmino\/wp-json\/wp\/v2\/posts"}],"about":[{"href":"https:\/\/blogs.elcomercio.es\/reflexiones-de-belarmino\/wp-json\/wp\/v2\/types\/post"}],"author":[{"embeddable":true,"href":"https:\/\/blogs.elcomercio.es\/reflexiones-de-belarmino\/wp-json\/wp\/v2\/users\/16"}],"replies":[{"embeddable":true,"href":"https:\/\/blogs.elcomercio.es\/reflexiones-de-belarmino\/wp-json\/wp\/v2\/comments?post=26943"}],"version-history":[{"count":1,"href":"https:\/\/blogs.elcomercio.es\/reflexiones-de-belarmino\/wp-json\/wp\/v2\/posts\/26943\/revisions"}],"predecessor-version":[{"id":26944,"href":"https:\/\/blogs.elcomercio.es\/reflexiones-de-belarmino\/wp-json\/wp\/v2\/posts\/26943\/revisions\/26944"}],"wp:attachment":[{"href":"https:\/\/blogs.elcomercio.es\/reflexiones-de-belarmino\/wp-json\/wp\/v2\/media?parent=26943"}],"wp:term":[{"taxonomy":"category","embeddable":true,"href":"https:\/\/blogs.elcomercio.es\/reflexiones-de-belarmino\/wp-json\/wp\/v2\/categories?post=26943"},{"taxonomy":"post_tag","embeddable":true,"href":"https:\/\/blogs.elcomercio.es\/reflexiones-de-belarmino\/wp-json\/wp\/v2\/tags?post=26943"}],"curies":[{"name":"wp","href":"https:\/\/api.w.org\/{rel}","templated":true}]}}