{"id":26953,"date":"2022-12-03T18:34:43","date_gmt":"2022-12-03T17:34:43","guid":{"rendered":"https:\/\/blogs.elcomercio.es\/reflexiones-de-belarmino\/?p=26953"},"modified":"2022-12-03T18:34:43","modified_gmt":"2022-12-03T17:34:43","slug":"sin-saberlo-ni-imaginarlo-a-mohamed-vi-le-llego-su-sueno-dorado","status":"publish","type":"post","link":"https:\/\/blogs.elcomercio.es\/reflexiones-de-belarmino\/2022\/12\/03\/sin-saberlo-ni-imaginarlo-a-mohamed-vi-le-llego-su-sueno-dorado\/","title":{"rendered":"\u00a1\u00a1\u00a1\u00a1\u00a1SIN SABERLO, NI IMAGINARLO, A MOHAMED VI, LE LLEG\u00d3 SU SUE\u00d1O DORADO !!!"},"content":{"rendered":"<p><b>&#8220;Nosotros que conquistamos en 10 a\u00f1os a Espa\u00f1a; que estuvimos all\u00ed 800 a\u00f1os, hasta que nos expulsaron y se convirtieron en aquel poderoso imperio, mientras\u00a0nosotros vivimos de las migajas, por fin tenemos la revancha.Tantos siglos acumulados, pero tuve que llegar yo, Mohamed VI,\u00a0 \u00a0para hacer justicia&#8221; so\u00f1ar\u00eda ayer el monarquia\u00a0salahu\u00ed.<\/b><\/p>\n<p><b> \u00bf Y Juan Carlos I, presente en Qatar, lejos de las luces?<\/b><\/p>\n<p><b>La vida da tantas vueltas, que Marruecos, poderoso, se enfrenta a Espa\u00f1a, quien para seguir adelante, tiene que derrotarlos.<\/b><\/p>\n<p><b>\u00bf Pero si nos ganase el mejor equipo de Marruecos de su historia, que qued\u00f3\u00a0en primer lugar en su grupo?.<\/b><\/p>\n<p><strong>Se imaginan que los llamados &#8220;moros&#8221; en Espa\u00f1a, nos ganasen lo que iban a pensar de Luis Enrique asturiano y la roja.<\/strong><\/p>\n<p><b>El martes a las 8 de la noche, d\u00eda de la Constituci\u00f3n\u00a0y dos d\u00edas antes de la fiesta del Pilar.<\/b><\/p>\n<p><strong>Pero\u00a0 sabe lo que\u00a0 significa para los &#8220;moros&#8221;, 8 siglos despu\u00e9s dar respuesta a su expulsi\u00f3n en 1492., derrotando al pais de los Messi, los Ronaldo, los Neymar, los Iniesta.<\/strong><\/p>\n<!-- AddThis Advanced Settings generic via filter on the_content --><!-- AddThis Share Buttons generic via filter on the_content -->","protected":false},"excerpt":{"rendered":"<p>&#8220;Nosotros que conquistamos en 10 a\u00f1os a Espa\u00f1a; que estuvimos all\u00ed 800 a\u00f1os, hasta que nos expulsaron y se convirtieron en aquel poderoso imperio, mientras\u00a0nosotros vivimos de las migajas, por fin tenemos la revancha.Tantos siglos acumulados, pero tuve que llegar yo, Mohamed VI,\u00a0 \u00a0para hacer justicia&#8221; so\u00f1ar\u00eda ayer el monarquia\u00a0salahu\u00ed. \u00bf Y Juan Carlos I, [&hellip;]<!-- AddThis Advanced Settings generic via filter on get_the_excerpt --><!-- AddThis Share Buttons generic via filter on get_the_excerpt --><\/p>\n","protected":false},"author":16,"featured_media":0,"comment_status":"open","ping_status":"closed","sticky":false,"template":"","format":"standard","meta":[],"categories":[1],"tags":[],"_links":{"self":[{"href":"https:\/\/blogs.elcomercio.es\/reflexiones-de-belarmino\/wp-json\/wp\/v2\/posts\/26953"}],"collection":[{"href":"https:\/\/blogs.elcomercio.es\/reflexiones-de-belarmino\/wp-json\/wp\/v2\/posts"}],"about":[{"href":"https:\/\/blogs.elcomercio.es\/reflexiones-de-belarmino\/wp-json\/wp\/v2\/types\/post"}],"author":[{"embeddable":true,"href":"https:\/\/blogs.elcomercio.es\/reflexiones-de-belarmino\/wp-json\/wp\/v2\/users\/16"}],"replies":[{"embeddable":true,"href":"https:\/\/blogs.elcomercio.es\/reflexiones-de-belarmino\/wp-json\/wp\/v2\/comments?post=26953"}],"version-history":[{"count":2,"href":"https:\/\/blogs.elcomercio.es\/reflexiones-de-belarmino\/wp-json\/wp\/v2\/posts\/26953\/revisions"}],"predecessor-version":[{"id":26955,"href":"https:\/\/blogs.elcomercio.es\/reflexiones-de-belarmino\/wp-json\/wp\/v2\/posts\/26953\/revisions\/26955"}],"wp:attachment":[{"href":"https:\/\/blogs.elcomercio.es\/reflexiones-de-belarmino\/wp-json\/wp\/v2\/media?parent=26953"}],"wp:term":[{"taxonomy":"category","embeddable":true,"href":"https:\/\/blogs.elcomercio.es\/reflexiones-de-belarmino\/wp-json\/wp\/v2\/categories?post=26953"},{"taxonomy":"post_tag","embeddable":true,"href":"https:\/\/blogs.elcomercio.es\/reflexiones-de-belarmino\/wp-json\/wp\/v2\/tags?post=26953"}],"curies":[{"name":"wp","href":"https:\/\/api.w.org\/{rel}","templated":true}]}}