{"id":27026,"date":"2022-12-07T14:27:34","date_gmt":"2022-12-07T13:27:34","guid":{"rendered":"https:\/\/blogs.elcomercio.es\/reflexiones-de-belarmino\/?p=27026"},"modified":"2022-12-07T14:27:34","modified_gmt":"2022-12-07T13:27:34","slug":"la-recesion-en-ee-uu-parece-inevitable-bolsas-bajan-esperando-el-13-y-14-reunion-de-la-reserva-federal","status":"publish","type":"post","link":"https:\/\/blogs.elcomercio.es\/reflexiones-de-belarmino\/2022\/12\/07\/la-recesion-en-ee-uu-parece-inevitable-bolsas-bajan-esperando-el-13-y-14-reunion-de-la-reserva-federal\/","title":{"rendered":"\u00a1\u00a1\u00a1\u00a1LA RECESI\u00d3N EN EE.UU. PARECE INEVITABLE.-BOLSAS BAJAN ESPERANDO EL 13 Y 14 REUNI\u00d3N DE LA RESERVA FEDERAL !!!"},"content":{"rendered":"<p><b>En los Estados Unidos consideran que la recesi\u00f3n en 2023 parece\u00a0<\/b><b>inevitable, ello hace bajar las bolsas, y todos esperan la reuni\u00f2n de la Reserva Federal que se celebra la semana pr\u00f3xima, el 13 y 14.<\/b><\/p>\n<!-- AddThis Advanced Settings generic via filter on the_content --><!-- AddThis Share Buttons generic via filter on the_content -->","protected":false},"excerpt":{"rendered":"<p>En los Estados Unidos consideran que la recesi\u00f3n en 2023 parece\u00a0inevitable, ello hace bajar las bolsas, y todos esperan la reuni\u00f2n de la Reserva Federal que se celebra la semana pr\u00f3xima, el 13 y 14.<!-- AddThis Advanced Settings generic via filter on get_the_excerpt --><!-- AddThis Share Buttons generic via filter on get_the_excerpt --><\/p>\n","protected":false},"author":16,"featured_media":0,"comment_status":"open","ping_status":"closed","sticky":false,"template":"","format":"standard","meta":[],"categories":[1],"tags":[],"_links":{"self":[{"href":"https:\/\/blogs.elcomercio.es\/reflexiones-de-belarmino\/wp-json\/wp\/v2\/posts\/27026"}],"collection":[{"href":"https:\/\/blogs.elcomercio.es\/reflexiones-de-belarmino\/wp-json\/wp\/v2\/posts"}],"about":[{"href":"https:\/\/blogs.elcomercio.es\/reflexiones-de-belarmino\/wp-json\/wp\/v2\/types\/post"}],"author":[{"embeddable":true,"href":"https:\/\/blogs.elcomercio.es\/reflexiones-de-belarmino\/wp-json\/wp\/v2\/users\/16"}],"replies":[{"embeddable":true,"href":"https:\/\/blogs.elcomercio.es\/reflexiones-de-belarmino\/wp-json\/wp\/v2\/comments?post=27026"}],"version-history":[{"count":1,"href":"https:\/\/blogs.elcomercio.es\/reflexiones-de-belarmino\/wp-json\/wp\/v2\/posts\/27026\/revisions"}],"predecessor-version":[{"id":27027,"href":"https:\/\/blogs.elcomercio.es\/reflexiones-de-belarmino\/wp-json\/wp\/v2\/posts\/27026\/revisions\/27027"}],"wp:attachment":[{"href":"https:\/\/blogs.elcomercio.es\/reflexiones-de-belarmino\/wp-json\/wp\/v2\/media?parent=27026"}],"wp:term":[{"taxonomy":"category","embeddable":true,"href":"https:\/\/blogs.elcomercio.es\/reflexiones-de-belarmino\/wp-json\/wp\/v2\/categories?post=27026"},{"taxonomy":"post_tag","embeddable":true,"href":"https:\/\/blogs.elcomercio.es\/reflexiones-de-belarmino\/wp-json\/wp\/v2\/tags?post=27026"}],"curies":[{"name":"wp","href":"https:\/\/api.w.org\/{rel}","templated":true}]}}