{"id":27064,"date":"2022-12-09T10:54:30","date_gmt":"2022-12-09T09:54:30","guid":{"rendered":"https:\/\/blogs.elcomercio.es\/reflexiones-de-belarmino\/?p=27064"},"modified":"2022-12-09T10:54:30","modified_gmt":"2022-12-09T09:54:30","slug":"hidalgo1811-en-mexico-y-rafael-del-riego1823-en-madrid-fusilados-y-decapitados-por-los-mismos","status":"publish","type":"post","link":"https:\/\/blogs.elcomercio.es\/reflexiones-de-belarmino\/2022\/12\/09\/hidalgo1811-en-mexico-y-rafael-del-riego1823-en-madrid-fusilados-y-decapitados-por-los-mismos\/","title":{"rendered":"\u00a1\u00a1\u00a1\u00a1HIDALGO(1811), EN MEXICO Y RAFAEL DEL RIEGO(1823) EN MADRID, FUSILADOS Y DECAPITADOS POR LOS MISMOS !!!"},"content":{"rendered":"<p><b>Tras la colonia, la Independencia de Estados UNidos(1776), la Revoluci\u00f3n\u00a0Francesa (1879) y las Cortes de C\u00e1diz(1812), surgieron las fuerzas liberales y transformadoras, tanto en M\u00e9xico como en Espa\u00f1a. En M\u00e9xico, el cura Miguel Hidalgo y Costilla, con el estandarte de la Virgen de Guadalupe al frente, llam\u00f3 a rebato\u00a0las campanas de la iglesia de Dolores, HIdalgo, para pedir la Independencia y el fin de la\u00a0esclavitud.\u00a0<\/b><\/p>\n<p><strong>En 1811, meses m\u00e1s tarde, Miguel Hidalgo, fue fusilado y decapitado.<\/strong><\/p>\n<p><b>En 1823, un general asturiano, que se neg\u00f3 a comandar las fuerzas\u00a0espa\u00f1olas para acabar con el levantamiento en Am\u00e9rica Latina, Rafael del Riego,impulsor del trienio liberal 1820-1823, fue fusilado y decapitado en Madrid.<\/b><\/p>\n<p><strong>Los mismos que fusilaron y decapitaron en Chihuahua al padre HIdalgo, fusilaron y decapitaron\u00a0 a Rafael del Riego,\u00a0<\/strong><strong>\u00a012 a\u00f1os despu\u00e9s en la Plaza Mayor de Madrid.<\/strong><\/p>\n<p><b>Viene de lejos la hermandad entre Espa\u00f1a y M\u00e9xico, la de entre iguales,\u00a0 pero la Espa\u00f1a de siempre, la de los poderes f\u00e1cticos y la vieja Iglesia Cat\u00f3lica Espa\u00f1ola, fusil\u00f3 y cort\u00f3 las cabezas de un movimiento que surgi\u00f3\u00a0en Espa\u00f1a en las Cortes de C\u00e1diz\u00a0y en M\u00e9xico con la\u00a0<\/b><b>Independencia.<\/b><\/p>\n<p><strong>Hay otra Espa\u00f1a, machacada en 1936 , durante la II\u00a0<\/strong><b>Rep\u00fablica que ten\u00eda como\u00a0 Himno\u00a0 el de Riego, pero que hoy sigue en el poder en la Espa\u00f1a de la Transici\u00f3n. Gatopardista.<\/b><\/p>\n<p><b>Pero tenemos un tronco com\u00fan los que apoyamos\u00a0a Hidalgo y Morelos y a Rafael Riego.<\/b><\/p>\n<!-- AddThis Advanced Settings generic via filter on the_content --><!-- AddThis Share Buttons generic via filter on the_content -->","protected":false},"excerpt":{"rendered":"<p>Tras la colonia, la Independencia de Estados UNidos(1776), la Revoluci\u00f3n\u00a0Francesa (1879) y las Cortes de C\u00e1diz(1812), surgieron las fuerzas liberales y transformadoras, tanto en M\u00e9xico como en Espa\u00f1a. En M\u00e9xico, el cura Miguel Hidalgo y Costilla, con el estandarte de la Virgen de Guadalupe al frente, llam\u00f3 a rebato\u00a0las campanas de la iglesia de Dolores, [&hellip;]<!-- AddThis Advanced Settings generic via filter on get_the_excerpt --><!-- AddThis Share Buttons generic via filter on get_the_excerpt --><\/p>\n","protected":false},"author":16,"featured_media":0,"comment_status":"open","ping_status":"closed","sticky":false,"template":"","format":"standard","meta":[],"categories":[1],"tags":[],"_links":{"self":[{"href":"https:\/\/blogs.elcomercio.es\/reflexiones-de-belarmino\/wp-json\/wp\/v2\/posts\/27064"}],"collection":[{"href":"https:\/\/blogs.elcomercio.es\/reflexiones-de-belarmino\/wp-json\/wp\/v2\/posts"}],"about":[{"href":"https:\/\/blogs.elcomercio.es\/reflexiones-de-belarmino\/wp-json\/wp\/v2\/types\/post"}],"author":[{"embeddable":true,"href":"https:\/\/blogs.elcomercio.es\/reflexiones-de-belarmino\/wp-json\/wp\/v2\/users\/16"}],"replies":[{"embeddable":true,"href":"https:\/\/blogs.elcomercio.es\/reflexiones-de-belarmino\/wp-json\/wp\/v2\/comments?post=27064"}],"version-history":[{"count":2,"href":"https:\/\/blogs.elcomercio.es\/reflexiones-de-belarmino\/wp-json\/wp\/v2\/posts\/27064\/revisions"}],"predecessor-version":[{"id":27066,"href":"https:\/\/blogs.elcomercio.es\/reflexiones-de-belarmino\/wp-json\/wp\/v2\/posts\/27064\/revisions\/27066"}],"wp:attachment":[{"href":"https:\/\/blogs.elcomercio.es\/reflexiones-de-belarmino\/wp-json\/wp\/v2\/media?parent=27064"}],"wp:term":[{"taxonomy":"category","embeddable":true,"href":"https:\/\/blogs.elcomercio.es\/reflexiones-de-belarmino\/wp-json\/wp\/v2\/categories?post=27064"},{"taxonomy":"post_tag","embeddable":true,"href":"https:\/\/blogs.elcomercio.es\/reflexiones-de-belarmino\/wp-json\/wp\/v2\/tags?post=27064"}],"curies":[{"name":"wp","href":"https:\/\/api.w.org\/{rel}","templated":true}]}}