{"id":27074,"date":"2022-12-10T19:01:28","date_gmt":"2022-12-10T18:01:28","guid":{"rendered":"https:\/\/blogs.elcomercio.es\/reflexiones-de-belarmino\/?p=27074"},"modified":"2022-12-10T19:02:41","modified_gmt":"2022-12-10T18:02:41","slug":"el-eliseo-hamad-al-thaniy-los-1500-millones-de-musulmanes-hoy-orando-a-la-meca-desde-doha","status":"publish","type":"post","link":"https:\/\/blogs.elcomercio.es\/reflexiones-de-belarmino\/2022\/12\/10\/el-eliseo-hamad-al-thaniy-los-1500-millones-de-musulmanes-hoy-orando-a-la-meca-desde-doha\/","title":{"rendered":"\u00a1\u00a1\u00a1EL EL\u00cdSEO, HAMAD AL THANI,Y LOS 1,500 MILLONES DE MUSULMANES HOY  ORANDO A LA MECA, DESDE DOHA!!!"},"content":{"rendered":"<p><b>En aquella\u00a0comida en Par\u00eds en el Palacio del\u00a0El\u00edseo\u00a0\u00a0con Sarkozy, el jeque y lider del Qatar Hamad Al Thani, con Blatter\u00a0y Platini, aquel\u00a0\u00e1rabe sab\u00eda lo que hac\u00eda. Como en todos los mundiales compraron a las federaciones, a los l\u00edderes\u00a0del\u00a0f\u00fatbol y se llevaron con el poder de los petrod\u00f3lares y consiguieron ,o que quisieron: El Mundial del 2022, que se tuvo que hacer en diciembre.Y as\u00ed, quit\u00e1ndole, a la mala, la sede a los EE:UU, realiz\u00f3 en Doha 7 estadios de lujo.<\/b><\/p>\n<p><b>Su equipo Qatar, fue eliminado de inmediato, pero lo que el no sab\u00eda es que hoy, por primera vez en la historia una selecci\u00f3n \u00e1rabe\u00a0Marruecos, derrotar\u00eda a Portugal,como antes a Espa\u00f1a, que desde la semana pasada era reivindicada no como la selecci\u00f3n de Marruecos, sino de toda la Naci\u00f3n \u00c1rabe\u00a0en el mundo, estimada en 1,500 millones de musulmanes.<\/b><\/p>\n<p><b>EN el estadio, al terminar\u00a0con Ronaldo\u00a0llorando, y la euforia de todos los asistentes al partido, el entrenador y el equipo corrieron\u00a0hacia la agrada\u00a0 que daba a la Meca, y se pusieron a orar, de rodillas, con la cabeza en el piso, el ritual\u00a0de los musulmanes para dar las gracias a Mahoma y seguir el ritual del Islam.<\/b><\/p>\n<p><b>Impresionante, nunca visto.<\/b><\/p>\n<p><b>Con un solo gol en contra, un coraje y un f\u00fatbol\u00a0vertical, se encuentran listos para, si ganasen 2 partidos, ser\u00edan campeones\u00a0mundiales..<\/b><\/p>\n<p><strong>No lo ser\u00e1, por que en el camino est\u00e1 Francia, pero Hamad al Thani, no s\u00f3lo hizo que las miradas del mundo se centrar\u00e1n en su pa\u00eds, sino que ha vertebrado un momento de regocijo mundial al Islam, que es mucho m\u00e1s que los &#8220;yihadistas&#8221;..<\/strong><\/p>\n<p>&nbsp;<\/p>\n<p>&nbsp;<\/p>\n<!-- AddThis Advanced Settings generic via filter on the_content --><!-- AddThis Share Buttons generic via filter on the_content -->","protected":false},"excerpt":{"rendered":"<p>En aquella\u00a0comida en Par\u00eds en el Palacio del\u00a0El\u00edseo\u00a0\u00a0con Sarkozy, el jeque y lider del Qatar Hamad Al Thani, con Blatter\u00a0y Platini, aquel\u00a0\u00e1rabe sab\u00eda lo que hac\u00eda. Como en todos los mundiales compraron a las federaciones, a los l\u00edderes\u00a0del\u00a0f\u00fatbol y se llevaron con el poder de los petrod\u00f3lares y consiguieron ,o que quisieron: El Mundial del [&hellip;]<!-- AddThis Advanced Settings generic via filter on get_the_excerpt --><!-- AddThis Share Buttons generic via filter on get_the_excerpt --><\/p>\n","protected":false},"author":16,"featured_media":0,"comment_status":"open","ping_status":"closed","sticky":false,"template":"","format":"standard","meta":[],"categories":[1],"tags":[],"_links":{"self":[{"href":"https:\/\/blogs.elcomercio.es\/reflexiones-de-belarmino\/wp-json\/wp\/v2\/posts\/27074"}],"collection":[{"href":"https:\/\/blogs.elcomercio.es\/reflexiones-de-belarmino\/wp-json\/wp\/v2\/posts"}],"about":[{"href":"https:\/\/blogs.elcomercio.es\/reflexiones-de-belarmino\/wp-json\/wp\/v2\/types\/post"}],"author":[{"embeddable":true,"href":"https:\/\/blogs.elcomercio.es\/reflexiones-de-belarmino\/wp-json\/wp\/v2\/users\/16"}],"replies":[{"embeddable":true,"href":"https:\/\/blogs.elcomercio.es\/reflexiones-de-belarmino\/wp-json\/wp\/v2\/comments?post=27074"}],"version-history":[{"count":4,"href":"https:\/\/blogs.elcomercio.es\/reflexiones-de-belarmino\/wp-json\/wp\/v2\/posts\/27074\/revisions"}],"predecessor-version":[{"id":27078,"href":"https:\/\/blogs.elcomercio.es\/reflexiones-de-belarmino\/wp-json\/wp\/v2\/posts\/27074\/revisions\/27078"}],"wp:attachment":[{"href":"https:\/\/blogs.elcomercio.es\/reflexiones-de-belarmino\/wp-json\/wp\/v2\/media?parent=27074"}],"wp:term":[{"taxonomy":"category","embeddable":true,"href":"https:\/\/blogs.elcomercio.es\/reflexiones-de-belarmino\/wp-json\/wp\/v2\/categories?post=27074"},{"taxonomy":"post_tag","embeddable":true,"href":"https:\/\/blogs.elcomercio.es\/reflexiones-de-belarmino\/wp-json\/wp\/v2\/tags?post=27074"}],"curies":[{"name":"wp","href":"https:\/\/api.w.org\/{rel}","templated":true}]}}