{"id":27123,"date":"2022-12-14T10:31:21","date_gmt":"2022-12-14T09:31:21","guid":{"rendered":"https:\/\/blogs.elcomercio.es\/reflexiones-de-belarmino\/?p=27123"},"modified":"2022-12-14T10:31:21","modified_gmt":"2022-12-14T09:31:21","slug":"guerra-page-lambanlos-socialistas-de-la-transicion-que-fracasaron-se-lanzan-contra-sanchez-apoyando-a-la-derecha","status":"publish","type":"post","link":"https:\/\/blogs.elcomercio.es\/reflexiones-de-belarmino\/2022\/12\/14\/guerra-page-lambanlos-socialistas-de-la-transicion-que-fracasaron-se-lanzan-contra-sanchez-apoyando-a-la-derecha\/","title":{"rendered":"\u00a1\u00a1\u00a1GUERRA, PAGE, LAMBAN,LOS SOCIALISTAS DE LA TRANSICI\u00d3N QUE FRACASARON SE LANZAN CONTRA S\u00c1NCHEZ  APOYANDO A LA DERECHA !!!"},"content":{"rendered":"<p><b>Aqu\u00ed los principios no cuentan. Es una ajuste\u00a0de cuentas entre los viejos socialistas que iniciaron la transici\u00f3n, que desvirtuaron al Partido Socialista Obrero Espa\u00f1ol hasta que lleg\u00f3 Zapatero y luego contra S\u00e1nchez, Bola\u00f1os y la\u00a0coalici\u00f3n que,son tan oportunistas, que, con tal de que no llegue\u00a0la mayor\u00eda social, prefieren entregar a la derecha el gobierno.<\/b><\/p>\n<p><b>En tromba, Desde el Lamb\u00e1n(&#8220;Javier te ruego no te vayas&#8221;), hasta el ins\u00f3lito\u00a0ataque de Page y por supuesto la intervenci\u00f3n de aquel Guerra, el primero que tuvo que renunciar\u00a0por la corrupci\u00f3n\u00a0del hermano, el gran valedor de Fern\u00e1ndez\u00a0Villa, se lanzaron\u00a0a apoyar a la\u00a0derecha, con el riesgo de VOX, a los medios de comunicaci\u00f3n escritos de los due\u00f1os de los poderes reales.<\/b><\/p>\n<p><b>Y ah\u00ed est\u00e1n exhibi\u00e9ndose, si pudor. El enemigo no es VOX, sino Sanchez.<\/b><\/p>\n<p><b>Pedro S\u00e1nchez\u00a0y F\u00e9lix\u00a0Bola\u00f1os dignos herederos del Partido Socialista Obrero Espa\u00f1ol,( en nuestra modesta opini\u00f3n) han sido los que metieron en la politica, el judicializado problema de Catalu\u00f1a, y que no le perdonan la alianza con la izquierda de toda la vida, sin saber que cuando hubo que enfrentar a los poderes f\u00e1cticos fueron los socialistas, los comunistas, la izquierda catalana, los anarquistas quienes se enfrentaron\u00a0a los poderes\u00a0<\/b><b>f\u00e1cticos.<\/b><\/p>\n<p><strong>La historia deja en su lugar a todos.<\/strong><\/p>\n<p><strong>Esperemos 2024&#8230;.<\/strong><\/p>\n<!-- AddThis Advanced Settings generic via filter on the_content --><!-- AddThis Share Buttons generic via filter on the_content -->","protected":false},"excerpt":{"rendered":"<p>Aqu\u00ed los principios no cuentan. Es una ajuste\u00a0de cuentas entre los viejos socialistas que iniciaron la transici\u00f3n, que desvirtuaron al Partido Socialista Obrero Espa\u00f1ol hasta que lleg\u00f3 Zapatero y luego contra S\u00e1nchez, Bola\u00f1os y la\u00a0coalici\u00f3n que,son tan oportunistas, que, con tal de que no llegue\u00a0la mayor\u00eda social, prefieren entregar a la derecha el gobierno. En [&hellip;]<!-- AddThis Advanced Settings generic via filter on get_the_excerpt --><!-- AddThis Share Buttons generic via filter on get_the_excerpt --><\/p>\n","protected":false},"author":16,"featured_media":0,"comment_status":"open","ping_status":"closed","sticky":false,"template":"","format":"standard","meta":[],"categories":[1],"tags":[],"_links":{"self":[{"href":"https:\/\/blogs.elcomercio.es\/reflexiones-de-belarmino\/wp-json\/wp\/v2\/posts\/27123"}],"collection":[{"href":"https:\/\/blogs.elcomercio.es\/reflexiones-de-belarmino\/wp-json\/wp\/v2\/posts"}],"about":[{"href":"https:\/\/blogs.elcomercio.es\/reflexiones-de-belarmino\/wp-json\/wp\/v2\/types\/post"}],"author":[{"embeddable":true,"href":"https:\/\/blogs.elcomercio.es\/reflexiones-de-belarmino\/wp-json\/wp\/v2\/users\/16"}],"replies":[{"embeddable":true,"href":"https:\/\/blogs.elcomercio.es\/reflexiones-de-belarmino\/wp-json\/wp\/v2\/comments?post=27123"}],"version-history":[{"count":2,"href":"https:\/\/blogs.elcomercio.es\/reflexiones-de-belarmino\/wp-json\/wp\/v2\/posts\/27123\/revisions"}],"predecessor-version":[{"id":27125,"href":"https:\/\/blogs.elcomercio.es\/reflexiones-de-belarmino\/wp-json\/wp\/v2\/posts\/27123\/revisions\/27125"}],"wp:attachment":[{"href":"https:\/\/blogs.elcomercio.es\/reflexiones-de-belarmino\/wp-json\/wp\/v2\/media?parent=27123"}],"wp:term":[{"taxonomy":"category","embeddable":true,"href":"https:\/\/blogs.elcomercio.es\/reflexiones-de-belarmino\/wp-json\/wp\/v2\/categories?post=27123"},{"taxonomy":"post_tag","embeddable":true,"href":"https:\/\/blogs.elcomercio.es\/reflexiones-de-belarmino\/wp-json\/wp\/v2\/tags?post=27123"}],"curies":[{"name":"wp","href":"https:\/\/api.w.org\/{rel}","templated":true}]}}